{"id":56307,"date":"2019-06-23T16:13:25","date_gmt":"2019-06-23T16:13:25","guid":{"rendered":"https:\/\/colimdo.org\/?p=56307"},"modified":"2019-06-24T15:14:50","modified_gmt":"2019-06-24T15:14:50","slug":"naugiuran-este-domingo-nueva-sede-del-coi","status":"publish","type":"post","link":"https:\/\/colimdo.org\/noticias\/naugiuran-este-domingo-nueva-sede-del-coi\/","title":{"rendered":"Inauguran este domingo nueva sede del COI"},"content":{"rendered":"<p>LAUSANA, SUIZA.- El Comit\u00e9 Ol\u00edmpico Internacional (COI) celebra este domingo el 125 aniversario de su creaci\u00f3n con diversos actos que incluye de su nueva y moderna sede y su sesi\u00f3n 134.<\/p>\n<p>En esos actos participan los dominicanos Luis Mej\u00eda Oviedo, presidente del Comit\u00e9 Ol\u00edmpico Dominicano y miembro del COI, as\u00ed como el dos veces medallista ol\u00edmpico F\u00e9lix S\u00e1nchez, invitado especial de Thomas Bach, presidente del organismo ol\u00edmpico internacional.<\/p>\n<p>En el programa de festejos de este domingo se incluye la inauguraci\u00f3n de la majestuosa sede del COI, con motivo de la fundaci\u00f3n de esa entidad por el Bar\u00f3n Pierre de Coubertin.<\/p>\n<p>En estos festejos participan numerosas personalidades de todo el mundo, incluyendo todos los miembros del COI y renombrado atletas y ex atletas ol\u00edmpicos.<\/p>\n<p>Tambi\u00e9n el presidente de la Confederaci\u00f3n Suiza Ueli Maurer y otros funcionarios del Gobierno, tambi\u00e9n los presidentes de los Comit\u00e9s Ol\u00edmpicos Nacionales afiliados al COI, los presidentes de Federaciones Internacionales.<\/p>\n<p>\u201cEsta es una gran fiesta del deporte mundial que se est\u00e1 dando al m\u00e1s alto nivel\u201d, coment\u00f3 el dominicano Luis Mej\u00eda Oviedo, quien participa aqu\u00ed en su doble condici\u00f3n de miembro COI y como presidente del Comit\u00e9 Ol\u00edmpico de la Rep\u00fablica Dominicana.<\/p>\n<p>Aqu\u00ed tambi\u00e9n se encuentra el dos veces medallista ol\u00edmpico, el tambi\u00e9n dominicano F\u00e9lix S\u00e1nchez, uno de los 75 ex atletas ol\u00edmpicos invitados especialmente por el presidente del COI, se\u00f1or Thomas Bach.<\/p>\n","protected":false},"excerpt":{"rendered":"<p>El Comit\u00e9 Ol\u00edmpico Internacional (COI) celebra este domingo el 125 aniversario de su creaci\u00f3n con diversos actos que incluye de su nueva y moderna sede y su sesi\u00f3n 134.<\/p>\n","protected":false},"author":19,"featured_media":56308,"comment_status":"closed","ping_status":"closed","sticky":false,"template":"","format":"standard","meta":[],"categories":[2,60],"tags":[],"acf":[],"_links":{"self":[{"href":"https:\/\/colimdo.org\/wp-api\/wp\/v2\/posts\/56307"}],"collection":[{"href":"https:\/\/colimdo.org\/wp-api\/wp\/v2\/posts"}],"about":[{"href":"https:\/\/colimdo.org\/wp-api\/wp\/v2\/types\/post"}],"author":[{"embeddable":true,"href":"https:\/\/colimdo.org\/wp-api\/wp\/v2\/users\/19"}],"replies":[{"embeddable":true,"href":"https:\/\/colimdo.org\/wp-api\/wp\/v2\/comments?post=56307"}],"version-history":[{"count":3,"href":"https:\/\/colimdo.org\/wp-api\/wp\/v2\/posts\/56307\/revisions"}],"predecessor-version":[{"id":56390,"href":"https:\/\/colimdo.org\/wp-api\/wp\/v2\/posts\/56307\/revisions\/56390"}],"wp:featuredmedia":[{"embeddable":true,"href":"https:\/\/colimdo.org\/wp-api\/wp\/v2\/media\/56308"}],"wp:attachment":[{"href":"https:\/\/colimdo.org\/wp-api\/wp\/v2\/media?parent=56307"}],"wp:term":[{"taxonomy":"category","embeddable":true,"href":"https:\/\/colimdo.org\/wp-api\/wp\/v2\/categories?post=56307"},{"taxonomy":"post_tag","embeddable":true,"href":"https:\/\/colimdo.org\/wp-api\/wp\/v2\/tags?post=56307"}],"curies":[{"name":"wp","href":"https:\/\/api.w.org\/{rel}","templated":true}]}}