{"id":56323,"date":"2019-06-23T19:20:43","date_gmt":"2019-06-23T19:20:43","guid":{"rendered":"https:\/\/colimdo.org\/?p=56323"},"modified":"2019-06-23T19:20:43","modified_gmt":"2019-06-23T19:20:43","slug":"policia-nacional-celebra-novena-version-evento-vivo-sin-drogas-decides","status":"publish","type":"post","link":"https:\/\/colimdo.org\/noticias\/policia-nacional-celebra-novena-version-evento-vivo-sin-drogas-decides\/","title":{"rendered":"Polic\u00eda Nacional celebra novena versi\u00f3n de evento \u201cYo Vivo sin Drogas, t\u00fa Decides\u201d"},"content":{"rendered":"<p>EL NUEVO DIARIO, SANTO DOMINGO.- La Polic\u00eda Nacional, junto a la Comunidad de Polic\u00edas de Am\u00e9rica (AMERIPOL), celebr\u00f3 este domingo, de manera simult\u00e1nea, su novena versi\u00f3n del evento \u201cYo Vivo sin Drogas, T\u00fa Decides\u201d, teniendo como sede principal la Rep\u00fablica de Ecuador.<\/p>\n<p>Un comunicado de la uniformada indica que en esta ocasi\u00f3n, el mayor general Ney Aldrin Bautista Almonte, director general de la instituci\u00f3n ha querido mostrar a toda Latinoam\u00e9rica el trabajo de orientaci\u00f3n y preservaci\u00f3n que est\u00e1 realizando con la juventud la instituci\u00f3n, para que no caigan en conflictos con la Ley, lineamientos trazados en el programa dirigidos a orientar a los ni\u00f1os y j\u00f3venes.<\/p>\n<p>La Polic\u00eda Nacional realiz\u00f3 una Jornada Deportiva con ni\u00f1os y adolescentes que cursan el Programa de Polic\u00eda Juvenil Comunitaria en el Gran Santo Domingo con la participaci\u00f3n de 750 ni\u00f1os y j\u00f3venes entre los 10 a 17 a\u00f1os, en el parqueo frontal de nuestra sede central desde las 10:00 de la ma\u00f1ana con distintos tipos de actividades como caminatas, juegos de f\u00fatbol, baloncesto, entre otros deportes.<\/p>\n<p>Estas actividades cuentan con la coordinaci\u00f3n de t\u00e9cnicos del Ministerio de Deportes y Recreaci\u00f3n (MIDEREC), la Direcci\u00f3n General de Programas Especiales de la Presidencia y del Departamento de Deportes de la instituci\u00f3n del orden p\u00fablico.<\/p>\n<p>El director Policial estuvo acompa\u00f1ado por el vicealmirante F\u00e9lix Alburquerque Compres, presidente de la Direcci\u00f3n Nacional de Control de Drogas (DNCD); Soterio Ram\u00edrez, viceministro de Deportes para la provincia Santo Domingo, y los generales Neivis Luis P\u00e9rez S\u00e1nchez; Rafael Cabrera Sarita; Ram\u00f3n Ciriaco N\u00fa\u00f1ez; Pablo Arturo Pujols; H\u00e9ctor Garc\u00eda Cuevas, y los coroneles Jacobo Mateo Moquete, de la Polic\u00eda Comunitaria; Pablo Francisco Ortega Brito, director Central de Antinarc\u00f3ticos (DICAN), y Frank F\u00e9lix Duran Mej\u00eda, de Comunicaciones Estrat\u00e9gicas, entre otros oficiales superiores.<\/p>\n<p>Al t\u00e9rmino del evento, las autoridades recorrieron los lugares donde se estuvo realizando cada disciplina.<\/p>\n","protected":false},"excerpt":{"rendered":"<p>La Polic\u00eda Nacional, junto a la Comunidad de Polic\u00edas de Am\u00e9rica (AMERIPOL), celebr\u00f3 este domingo, de manera simult\u00e1nea, su novena versi\u00f3n del evento \u201cYo Vivo sin Drogas, T\u00fa Decides\u201d, teniendo como sede principal la Rep\u00fablica de Ecuador.<\/p>\n","protected":false},"author":19,"featured_media":56324,"comment_status":"closed","ping_status":"closed","sticky":false,"template":"","format":"standard","meta":[],"categories":[2,60],"tags":[],"acf":[],"_links":{"self":[{"href":"https:\/\/colimdo.org\/wp-api\/wp\/v2\/posts\/56323"}],"collection":[{"href":"https:\/\/colimdo.org\/wp-api\/wp\/v2\/posts"}],"about":[{"href":"https:\/\/colimdo.org\/wp-api\/wp\/v2\/types\/post"}],"author":[{"embeddable":true,"href":"https:\/\/colimdo.org\/wp-api\/wp\/v2\/users\/19"}],"replies":[{"embeddable":true,"href":"https:\/\/colimdo.org\/wp-api\/wp\/v2\/comments?post=56323"}],"version-history":[{"count":1,"href":"https:\/\/colimdo.org\/wp-api\/wp\/v2\/posts\/56323\/revisions"}],"predecessor-version":[{"id":56325,"href":"https:\/\/colimdo.org\/wp-api\/wp\/v2\/posts\/56323\/revisions\/56325"}],"wp:featuredmedia":[{"embeddable":true,"href":"https:\/\/colimdo.org\/wp-api\/wp\/v2\/media\/56324"}],"wp:attachment":[{"href":"https:\/\/colimdo.org\/wp-api\/wp\/v2\/media?parent=56323"}],"wp:term":[{"taxonomy":"category","embeddable":true,"href":"https:\/\/colimdo.org\/wp-api\/wp\/v2\/categories?post=56323"},{"taxonomy":"post_tag","embeddable":true,"href":"https:\/\/colimdo.org\/wp-api\/wp\/v2\/tags?post=56323"}],"curies":[{"name":"wp","href":"https:\/\/api.w.org\/{rel}","templated":true}]}}