{"id":56331,"date":"2019-06-23T19:32:41","date_gmt":"2019-06-23T19:32:41","guid":{"rendered":"https:\/\/colimdo.org\/?p=56331"},"modified":"2019-06-23T19:33:20","modified_gmt":"2019-06-23T19:33:20","slug":"stephen-curry-rechaza-participar-la-pelicula-space-jam-2","status":"publish","type":"post","link":"https:\/\/colimdo.org\/noticias\/stephen-curry-rechaza-participar-la-pelicula-space-jam-2\/","title":{"rendered":"Stephen Curry rechaza participar en la pel\u00edcula &#8220;Space Jam 2&#8221;"},"content":{"rendered":"<p>AS.-\u00a0El equipo de baloncesto de los Looney Tunes va a regresar a la gran pantalla 25 a\u00f1os despu\u00e9s de que se estrenara su pel\u00edcula original, &#8216;Space Jam&#8217;, y se convirtiera en un \u00e9xito rotundo con Michael Jordan a la cabeza en su \u00e9poca de superestrella de la NBA. En esta ocasi\u00f3n, no ser\u00e1 \u00e9l el refuerzo de lujo del &#8216;Tune Squad&#8217; sino que ser\u00e1 uno de los grandes cracks de la actualidad: LeBron James, quien de hecho es uno de los grandes precursores de esta precuela ya que la va producir su compa\u00f1\u00eda productora, &#8216;Spring Hill Entertainment&#8217;.<\/p>\n<p>&nbsp;<\/p>\n<p>&#8216;Space Jam 2&#8217; tiene previsto su estreno el 16 de julio de 2021 y el jugador de Los \u00c1ngeles Lakers va a comenzar el rodaje este verano mientras \u00faltimamente se han anunciado los nombres de m\u00e1s figuras de la NBA que le van a acompa\u00f1ar en esta aventura. Pero se ha ca\u00eddo del elenco el que hubiera sido un fichaje estrella: Stephen Curry.<\/p>\n<p>El propio Curry ha confirmado que ha rechazado participar en &#8216;Space Jam 2&#8217; en una reciente entrevista al &#8216;New York Times&#8217;.<\/p>\n<p>&#8220;No, no va a hacer un cameo en la producci\u00f3n de LeBron James de &#8216;Space Jam 2&#8217; (se le pidi\u00f3 pero dijo que no, citando problemas de programaci\u00f3n)&#8221;, indica el citado medio en su p\u00e1gina web sin dar m\u00e1s detalles al respecto.<\/p>\n<p>Pero Curry tambi\u00e9n explic\u00f3 que no fue nada para \u00e9l declinar este papel y el reportero del &#8216;New York Times&#8217; Sopan Deb lo ha dejado patente compartiendo en su cuenta de Twitter sus declaraciones.<\/p>\n<p>&#8220;Dije que no. El tiempo que lleva. S\u00e9 que Lebron y Ryan Coogler van a hacer algo incre\u00edble. Va a ser fant\u00e1stico. En parte fue por las cosas que ya ten\u00eda en marcha. Fue solo por una cuesti\u00f3n de tiempo, sinceramente. No puedo comprometerme y conozco muy bien a Ryan, tuvimos muchas conversaciones al respecto&#8221;, argument\u00f3 la estrella de los Golden State Warriors.<\/p>\n<p>&#8220;(Ryan Coogler) es un fan\u00e1tico de los Warriors. Est\u00e1 en todos los partidos de los playoffs. Obviamente, ha sido complicado rechazarlo. Este tipo hace un trabajo incre\u00edble&#8221;, agreg\u00f3 antes de cerrar el tema reafirmando que ha sido muy duro tomar esta decisi\u00f3n.<\/p>\n","protected":false},"excerpt":{"rendered":"<p>El propio Curry ha confirmado que ha rechazado participar en &#8216;Space Jam 2&#8217; en una reciente entrevista al &#8216;New York Times&#8217;.<\/p>\n","protected":false},"author":19,"featured_media":56332,"comment_status":"closed","ping_status":"closed","sticky":false,"template":"","format":"standard","meta":[],"categories":[2,60],"tags":[],"acf":[],"_links":{"self":[{"href":"https:\/\/colimdo.org\/wp-api\/wp\/v2\/posts\/56331"}],"collection":[{"href":"https:\/\/colimdo.org\/wp-api\/wp\/v2\/posts"}],"about":[{"href":"https:\/\/colimdo.org\/wp-api\/wp\/v2\/types\/post"}],"author":[{"embeddable":true,"href":"https:\/\/colimdo.org\/wp-api\/wp\/v2\/users\/19"}],"replies":[{"embeddable":true,"href":"https:\/\/colimdo.org\/wp-api\/wp\/v2\/comments?post=56331"}],"version-history":[{"count":1,"href":"https:\/\/colimdo.org\/wp-api\/wp\/v2\/posts\/56331\/revisions"}],"predecessor-version":[{"id":56333,"href":"https:\/\/colimdo.org\/wp-api\/wp\/v2\/posts\/56331\/revisions\/56333"}],"wp:featuredmedia":[{"embeddable":true,"href":"https:\/\/colimdo.org\/wp-api\/wp\/v2\/media\/56332"}],"wp:attachment":[{"href":"https:\/\/colimdo.org\/wp-api\/wp\/v2\/media?parent=56331"}],"wp:term":[{"taxonomy":"category","embeddable":true,"href":"https:\/\/colimdo.org\/wp-api\/wp\/v2\/categories?post=56331"},{"taxonomy":"post_tag","embeddable":true,"href":"https:\/\/colimdo.org\/wp-api\/wp\/v2\/tags?post=56331"}],"curies":[{"name":"wp","href":"https:\/\/api.w.org\/{rel}","templated":true}]}}