{"id":56334,"date":"2019-06-23T23:02:51","date_gmt":"2019-06-23T23:02:51","guid":{"rendered":"https:\/\/colimdo.org\/?p=56334"},"modified":"2019-06-23T23:02:51","modified_gmt":"2019-06-23T23:02:51","slug":"canotaje-cumple-base-entrenamientos-mexico-previo-lima-2019","status":"publish","type":"post","link":"https:\/\/colimdo.org\/noticias\/canotaje-cumple-base-entrenamientos-mexico-previo-lima-2019\/","title":{"rendered":"Canotaje cumple base de entrenamientos en M\u00e9xico previo a Lima 2019"},"content":{"rendered":"<p>Santo Domingo.- Los atletas de canotaje que representar\u00e1n a Rep\u00fablica Dominicana en los Juegos Panamericanos de Lima, Per\u00fa, retornaron al pa\u00eds luego de participar en Ciudad de M\u00e9xico en un importante campamento de desarrollo auspiciado por Panamsport para la Confederaci\u00f3n Panamericana de Canotaje (Copac).<\/p>\n<p>Cristian Guerrero Garc\u00eda, Rafael Enrique Feliz Abreu y Ariel Jim\u00e9nez, junto al entrenador Julio C\u00e9sar Mendez, arribaron al pa\u00eds por el Aeropuerto Internacional de Las Am\u00e9ricas y de inmediato se trasladaron al Albergue Ol\u00edmpico para una evaluaci\u00f3n m\u00e9dica.<\/p>\n<p>El campamento reuni\u00f3 atletas de diversos pa\u00edses y fue impartido por el destacado t\u00e9cnico alem\u00e1n Jochen Zuhlke en las instalaciones de Xochimilco durante 10 d\u00edas.<\/p>\n<p>La Federaci\u00f3n Dominicana de Remo y Canotaje (Fedoreca) mostr\u00f3 su satisfacci\u00f3n por el proceso de preparaci\u00f3n que han cursado sus atletas previo al importante evento continental que inicia el 26 de julio del 2019 en Lima<\/p>\n<p>El presidente de la entidad, periodista Andr\u00e9s Tejeda Cess\u00e9, agradeci\u00f3 a Copac-Panansport, Comit\u00e9 Ol\u00edmpico Dominicano, Ministerio de Deportes y al presidente de Fedombal, Rafael Uribe, por las facilidades suministradas para cumplir con la base de entrenamientos.<\/p>\n","protected":false},"excerpt":{"rendered":"<p>Los atletas de canotaje que representar\u00e1n a Rep\u00fablica Dominicana en los Juegos Panamericanos de Lima, Per\u00fa, retornaron al pa\u00eds luego de participar en Ciudad de M\u00e9xico en un importante campamento de desarrollo auspiciado por Panamsport para la Confederaci\u00f3n Panamericana de Canotaje (Copac).<\/p>\n","protected":false},"author":19,"featured_media":56335,"comment_status":"closed","ping_status":"closed","sticky":false,"template":"","format":"standard","meta":[],"categories":[2,60],"tags":[],"acf":[],"_links":{"self":[{"href":"https:\/\/colimdo.org\/wp-api\/wp\/v2\/posts\/56334"}],"collection":[{"href":"https:\/\/colimdo.org\/wp-api\/wp\/v2\/posts"}],"about":[{"href":"https:\/\/colimdo.org\/wp-api\/wp\/v2\/types\/post"}],"author":[{"embeddable":true,"href":"https:\/\/colimdo.org\/wp-api\/wp\/v2\/users\/19"}],"replies":[{"embeddable":true,"href":"https:\/\/colimdo.org\/wp-api\/wp\/v2\/comments?post=56334"}],"version-history":[{"count":1,"href":"https:\/\/colimdo.org\/wp-api\/wp\/v2\/posts\/56334\/revisions"}],"predecessor-version":[{"id":56336,"href":"https:\/\/colimdo.org\/wp-api\/wp\/v2\/posts\/56334\/revisions\/56336"}],"wp:featuredmedia":[{"embeddable":true,"href":"https:\/\/colimdo.org\/wp-api\/wp\/v2\/media\/56335"}],"wp:attachment":[{"href":"https:\/\/colimdo.org\/wp-api\/wp\/v2\/media?parent=56334"}],"wp:term":[{"taxonomy":"category","embeddable":true,"href":"https:\/\/colimdo.org\/wp-api\/wp\/v2\/categories?post=56334"},{"taxonomy":"post_tag","embeddable":true,"href":"https:\/\/colimdo.org\/wp-api\/wp\/v2\/tags?post=56334"}],"curies":[{"name":"wp","href":"https:\/\/api.w.org\/{rel}","templated":true}]}}