{"id":56359,"date":"2019-06-24T03:53:09","date_gmt":"2019-06-24T03:53:09","guid":{"rendered":"https:\/\/colimdo.org\/?p=56359"},"modified":"2019-06-24T03:53:09","modified_gmt":"2019-06-24T03:53:09","slug":"este-lunes-sera-la-gala-atleta-del-ano-gran-teatro-del-cibao","status":"publish","type":"post","link":"https:\/\/colimdo.org\/noticias\/este-lunes-sera-la-gala-atleta-del-ano-gran-teatro-del-cibao\/","title":{"rendered":"Este lunes ser\u00e1 la Gala \u201cEl Atleta del A\u00f1o\u201d en el gran Teatro del Cibao"},"content":{"rendered":"<p>SANTIAGO.- Todo est\u00e1 listo para la realizaci\u00f3n de la Gala, El Atleta del A\u00f1o de Santiago, \u00a0desde las siete de la noche de este lunes en el Gran Teatro del Cibao, la cual estar\u00e1 engalanada con la artista que baj\u00f3 de la monta\u00f1a, Steffany Constanza.<\/p>\n<p>El presidente de la Asociaci\u00f3n de Cronistas Deportivos de Santiago (ACDS), periodista Am\u00e9rico Cabrera, mostr\u00f3 satisfacci\u00f3n con el deber cumplido, ya que la ruta cr\u00edtica de organizaci\u00f3n ha sido cumplida, anunciando que todo est\u00e1 listo para esa gran gala.<\/p>\n<div class=\"banner-contenido\">\n<p>Destac\u00f3 el homenaje al hist\u00f3rico campe\u00f3n nacional invicto de motocross, Tirso Arjona, quien rein\u00f3 por 17 a\u00f1os en el pa\u00eds, as\u00ed como la dedicatoria especial a los atletas de Santiago que ganaron medallas en los pasados Juegos Deportivos Centroamericanos y del Caribe, realizados en Colombia, as\u00ed como a los \u00e1rbitros locales que los acompa\u00f1aron.<\/p>\n<p>En la actividad, ser\u00e1n premiados un total de 55 atletas, masculinos y femeninos, de todas las disciplinas deportivas, incluyendo las motorizadas, de entre ellos se escoger\u00e1n los m\u00e1s destacados, hombre y mujer, los vuales recibir\u00e1n los m\u00e1s grandes premios.<\/p>\n<p>La juvenil artista, Steffany Constanza, presentar\u00e1 un espect\u00e1culo especial, mientras que tambi\u00e9n ser\u00e1 presentado el grupo de baile de la pontificia universidad Cat\u00f3lica Madre y Maestra, el \u00fanico discurso lo expresar\u00e1 el periodista Am\u00e9rica Cabrera, en su condici\u00f3n de presidente de la ACDS, asimismo, ha sido invitado a realizar una oraci\u00f3n religiosa para bendecir el acto, monse\u00f1or Carlos Tom\u00e1s Morel Dipl\u00e1n, auxiliar de la Arquidi\u00f3cesis de Santiago.<\/p>\n<p>Existe mucha expectativa por esa gran gala, sobre todo por conocer a los atletas, masculino y femenino, m\u00e1s distinguidos del a\u00f1o, los cuales se llevar\u00e1n los mejores premios, en la actividad que es auspiciada por la Cervecer\u00eda Nacional Dominicana, Ministerio Dominicano de Turismo, Ministerio Dominicano de Educaci\u00f3n, Ministerio Dominicano de Deportes, CORAASAN, Cementos Cibao, Direcci\u00f3n General de Programas Especiales de la Presidencia de la Rep\u00fablica Dominicana y otros.<\/p>\n<\/div>\n","protected":false},"excerpt":{"rendered":"<p>Todo est\u00e1 listo para la realizaci\u00f3n de la Gala, El Atleta del A\u00f1o de Santiago, \u00a0desde las siete de la noche de este lunes en el Gran Teatro del Cibao.<\/p>\n","protected":false},"author":19,"featured_media":56360,"comment_status":"closed","ping_status":"closed","sticky":false,"template":"","format":"standard","meta":[],"categories":[2,60],"tags":[],"acf":[],"_links":{"self":[{"href":"https:\/\/colimdo.org\/wp-api\/wp\/v2\/posts\/56359"}],"collection":[{"href":"https:\/\/colimdo.org\/wp-api\/wp\/v2\/posts"}],"about":[{"href":"https:\/\/colimdo.org\/wp-api\/wp\/v2\/types\/post"}],"author":[{"embeddable":true,"href":"https:\/\/colimdo.org\/wp-api\/wp\/v2\/users\/19"}],"replies":[{"embeddable":true,"href":"https:\/\/colimdo.org\/wp-api\/wp\/v2\/comments?post=56359"}],"version-history":[{"count":1,"href":"https:\/\/colimdo.org\/wp-api\/wp\/v2\/posts\/56359\/revisions"}],"predecessor-version":[{"id":56361,"href":"https:\/\/colimdo.org\/wp-api\/wp\/v2\/posts\/56359\/revisions\/56361"}],"wp:featuredmedia":[{"embeddable":true,"href":"https:\/\/colimdo.org\/wp-api\/wp\/v2\/media\/56360"}],"wp:attachment":[{"href":"https:\/\/colimdo.org\/wp-api\/wp\/v2\/media?parent=56359"}],"wp:term":[{"taxonomy":"category","embeddable":true,"href":"https:\/\/colimdo.org\/wp-api\/wp\/v2\/categories?post=56359"},{"taxonomy":"post_tag","embeddable":true,"href":"https:\/\/colimdo.org\/wp-api\/wp\/v2\/tags?post=56359"}],"curies":[{"name":"wp","href":"https:\/\/api.w.org\/{rel}","templated":true}]}}