{"id":56416,"date":"2019-06-24T17:33:55","date_gmt":"2019-06-24T17:33:55","guid":{"rendered":"https:\/\/colimdo.org\/?p=56416"},"modified":"2019-06-24T17:34:10","modified_gmt":"2019-06-24T17:34:10","slug":"panam-sport-fedogim-abren-campamento-internacional-gimnasia-artistica","status":"publish","type":"post","link":"https:\/\/colimdo.org\/noticias\/panam-sport-fedogim-abren-campamento-internacional-gimnasia-artistica\/","title":{"rendered":"Panam Sport y Fedogim abren campamento internacional gimnasia art\u00edstica"},"content":{"rendered":"<p><strong>SANTO DOMINGO.<\/strong>\u00a0Con la participaci\u00f3n de entrenadores y atletas de 10 pa\u00edses, la Federaci\u00f3n Dominicana de Gimnasia (Fedogim) dio apertura al Campamento de Gimnasia Art\u00edstica con el respaldo de Panam Sport y la Uni\u00f3n Panamericana de Gimnasia (UPAG).<\/p>\n<p>En el Campamento, cuya ceremonia de apertura se llev\u00f3 a cabo en el sal\u00f3n de eventos del Albergue Ol\u00edmpico, toman parte un total de 70 entrenadores y gimnastas provenientes de 10 naciones.<\/p>\n<p>Las sesiones de trabajo, que abarcar\u00e1 de 9:00 de la ma\u00f1ana a 2:00 de la tarde en el Pabell\u00f3n de Gimnasia del Parque del Este, estar\u00e1n a cargo de los expertos brasile\u00f1os Marcos Goto y Roger Medina.<\/p>\n<p>\u201cEl objetivo en este campamento es mostrar la planificaci\u00f3n del entrenamiento con rutinas espec\u00edficas para competencia\u201d, se\u00f1al\u00f3 el brasile\u00f1o Goto al hacer uso de la palabra en la ceremonia inauguraci\u00f3n.<\/p>\n<p>El Campamento de Gimnasia Art\u00edstica, que inici\u00f3 el viernes y se extender\u00e1 hasta el pr\u00f3ximo s\u00e1bado 29 de este mes, es el segundo que organiza la Fedogim con entrenadores y atletas de diferentes pa\u00edses.<\/p>\n<p>\u201cSe han visto los resultados tras el campamento del pasado a\u00f1o. Los temas y ejecutorias son de gran altura\u201d, manifest\u00f3 el ingeniero Edwin Rodr\u00edguez, presidente de la Fedogim.<\/p>\n<p>Entre los temas a tratar en el encuentro de preparaci\u00f3n y capacitaci\u00f3n se citan; ejercicios de prevenci\u00f3n de lesiones; entrenamiento para alta competici\u00f3n, diversas rutinas diarias para cada aparato y preparaci\u00f3n f\u00edsica, entre otros.<\/p>\n<p>Panam Sport, antigua Organizaci\u00f3n Deportiva Panamericana (Odepa), a trav\u00e9s de la UPAG y la Fedogim, persigue el desarrollo de la gimnasia en el \u00e1rea del Caribe y, a trav\u00e9s de un acuerdo, utiliza las facilidades del Albergue Ol\u00edmpico como Centro Regional de Desarrollo.<\/p>\n<p>En el acto de apertura estuvieron adem\u00e1s el licenciado Fernando Whyte y la profesora Belkys Gallardo, integrantes del comit\u00e9 ejecutivo de la Fedogim, y representantes del Albergue Ol\u00edmpico.<\/p>\n<p>En el Campamento Internacional de Gimnasia Art\u00edstica toman parte representantes de Panam\u00e1, Bahamas, Bolivia, Guatemala, Paraguay, Venezuela, Uruguay, Puerto Rico, Trinidad &amp; Tobago y Rep\u00fablica Dominicana.<\/p>\n","protected":false},"excerpt":{"rendered":"<p>Un total de 70 participantes de 10 pa\u00edses toman parte desde el viernes pasado en el Campamento Internacional de Gimnasia Art\u00edstica.<\/p>\n","protected":false},"author":13,"featured_media":56417,"comment_status":"closed","ping_status":"closed","sticky":false,"template":"","format":"standard","meta":[],"categories":[2,60],"tags":[],"acf":[],"_links":{"self":[{"href":"https:\/\/colimdo.org\/wp-api\/wp\/v2\/posts\/56416"}],"collection":[{"href":"https:\/\/colimdo.org\/wp-api\/wp\/v2\/posts"}],"about":[{"href":"https:\/\/colimdo.org\/wp-api\/wp\/v2\/types\/post"}],"author":[{"embeddable":true,"href":"https:\/\/colimdo.org\/wp-api\/wp\/v2\/users\/13"}],"replies":[{"embeddable":true,"href":"https:\/\/colimdo.org\/wp-api\/wp\/v2\/comments?post=56416"}],"version-history":[{"count":1,"href":"https:\/\/colimdo.org\/wp-api\/wp\/v2\/posts\/56416\/revisions"}],"predecessor-version":[{"id":56418,"href":"https:\/\/colimdo.org\/wp-api\/wp\/v2\/posts\/56416\/revisions\/56418"}],"wp:featuredmedia":[{"embeddable":true,"href":"https:\/\/colimdo.org\/wp-api\/wp\/v2\/media\/56417"}],"wp:attachment":[{"href":"https:\/\/colimdo.org\/wp-api\/wp\/v2\/media?parent=56416"}],"wp:term":[{"taxonomy":"category","embeddable":true,"href":"https:\/\/colimdo.org\/wp-api\/wp\/v2\/categories?post=56416"},{"taxonomy":"post_tag","embeddable":true,"href":"https:\/\/colimdo.org\/wp-api\/wp\/v2\/tags?post=56416"}],"curies":[{"name":"wp","href":"https:\/\/api.w.org\/{rel}","templated":true}]}}