{"id":56419,"date":"2019-06-24T17:47:11","date_gmt":"2019-06-24T17:47:11","guid":{"rendered":"https:\/\/colimdo.org\/?p=56419"},"modified":"2019-06-24T17:47:54","modified_gmt":"2019-06-24T17:47:54","slug":"grupo-mujeres-veteranas-del-judo-forman-una-fundacion","status":"publish","type":"post","link":"https:\/\/colimdo.org\/noticias\/grupo-mujeres-veteranas-del-judo-forman-una-fundacion\/","title":{"rendered":"Grupo de mujeres veteranas del judo forman una fundaci\u00f3n"},"content":{"rendered":"<p><strong>SANTO DOMINGO<\/strong>. Con el objetivo de contribuir al crecimiento de la sociedad, fue lanzada la fundaci\u00f3n \u201cLas Veteranas del Judo Dominicano (Funvejudo\u201d, durante un emotivo acto celebrado en el sal\u00f3n de actividades del Comit\u00e9 Ol\u00edmpico Dominicano (COD).<\/p>\n<p>El organismo integra a un grupo de mujeres que hicieron carrera deportiva en el judo y en la actualidad se unen para unificar causas comunes a favor de la mujer y la ni\u00f1ez.<\/p>\n<p>El comit\u00e9 ejecutivo de \u201cFunvejudo\u201d lo preside Denny Cuello, como presidenta, as\u00ed como Leidi Germ\u00e1n, secretaria general; Ivette Michel, vicepresidenta, y Beatriz Bel\u00e9n, tesorera.<\/p>\n<p>\u201cLas veteranas del judo surgi\u00f3 tras una inquietud de d\u00f3nde se encontraban las atletas de judo ya retiradas. Tras varios encuentros llega este proyecto con el objetivo de aportar y luchar por el judo. Ayudar a mujeres y ni\u00f1os\u201d, sostuvo la presidenta de Funvejudo.<\/p>\n<p>En el encuentro de lanzamiento de la nueva fundaci\u00f3n, la cual cuenta con sus estatutos, el licenciado Gilberto Garc\u00eda, presidente de la Federaci\u00f3n Dominicana de Judo (Fedojudo), exhort\u00f3 a las mujeres a continuar trabajando para lograr su espacio.<\/p>\n<p>\u201cEst\u00e1n haciendo un gran esfuerzo y el resultado se consigue con el tiempo. Traten de trabajar en equipo y que lo vayan a hacer tenga sentido\u201d, indic\u00f3 Garc\u00eda.<\/p>\n<p>El primer encuentro de las mujeres veteranas del judo se llev\u00f3 a cabo el 17 de julio de 2017 y desde entonces llevaron a cabo una serie de actividades, las cuales fueron dadas a conocer, a trav\u00e9s de un informe, en el lanzamiento oficial de la fundaci\u00f3n.<\/p>\n<p>Durante este per\u00edodo de dos a\u00f1os, la directiva cit\u00f3 la participaci\u00f3n de la entidad en el Abierto Panamericano del Judo con la venta de souvenir; actividad pro-recaudaci\u00f3n de fondos en La Vega; participaci\u00f3n en los Juegos Nacionales Hermanas Mirabal, charla durante la visita al Hogar El Faro, as\u00ed como curso-taller direcci\u00f3n deportiva.<\/p>\n<p>El programa de lanzamiento de la Fuvejudo incluy\u00f3 an\u00e9cdotas de las integrantes de la primera selecci\u00f3n nacional de judo de 1986, entre las que estuvieron Evelyn Adams, In\u00e9s Gonz\u00e1lez, Judith Feliz, Andrea Hern\u00e1ndez, Albania Rivera, Idalia Guridis y Yuderkis Mercado.<\/p>\n<p>Adem\u00e1s se dieron cita el sensei Juan Chalas y C\u00e9sar Langa, presidente de la Asociaci\u00f3n de Judo del Distrito Nacional.<\/p>\n<p>La parte art\u00edstica estuvo a cargo del ballet folcl\u00f3rico de la Universidad Aut\u00f3noma de Santo Domingo (UASD).<\/p>\n","protected":false},"excerpt":{"rendered":"<p>El lanzamiento de \u201cFunvejudo\u201d se llev\u00f3 a cabo en un emotivo acto celebrado en el sal\u00f3n de eventos del Comit\u00e9 Ol\u00edmpico Dominicano.<\/p>\n","protected":false},"author":13,"featured_media":56420,"comment_status":"closed","ping_status":"closed","sticky":false,"template":"","format":"standard","meta":[],"categories":[2,60],"tags":[],"acf":[],"_links":{"self":[{"href":"https:\/\/colimdo.org\/wp-api\/wp\/v2\/posts\/56419"}],"collection":[{"href":"https:\/\/colimdo.org\/wp-api\/wp\/v2\/posts"}],"about":[{"href":"https:\/\/colimdo.org\/wp-api\/wp\/v2\/types\/post"}],"author":[{"embeddable":true,"href":"https:\/\/colimdo.org\/wp-api\/wp\/v2\/users\/13"}],"replies":[{"embeddable":true,"href":"https:\/\/colimdo.org\/wp-api\/wp\/v2\/comments?post=56419"}],"version-history":[{"count":1,"href":"https:\/\/colimdo.org\/wp-api\/wp\/v2\/posts\/56419\/revisions"}],"predecessor-version":[{"id":56421,"href":"https:\/\/colimdo.org\/wp-api\/wp\/v2\/posts\/56419\/revisions\/56421"}],"wp:featuredmedia":[{"embeddable":true,"href":"https:\/\/colimdo.org\/wp-api\/wp\/v2\/media\/56420"}],"wp:attachment":[{"href":"https:\/\/colimdo.org\/wp-api\/wp\/v2\/media?parent=56419"}],"wp:term":[{"taxonomy":"category","embeddable":true,"href":"https:\/\/colimdo.org\/wp-api\/wp\/v2\/categories?post=56419"},{"taxonomy":"post_tag","embeddable":true,"href":"https:\/\/colimdo.org\/wp-api\/wp\/v2\/tags?post=56419"}],"curies":[{"name":"wp","href":"https:\/\/api.w.org\/{rel}","templated":true}]}}