{"id":56455,"date":"2019-06-25T03:19:29","date_gmt":"2019-06-25T03:19:29","guid":{"rendered":"https:\/\/colimdo.org\/?p=56455"},"modified":"2019-06-25T03:19:29","modified_gmt":"2019-06-25T03:19:29","slug":"selecciones-llegan-rd-campeonato-panamericano-sambo","status":"publish","type":"post","link":"https:\/\/colimdo.org\/noticias\/selecciones-llegan-rd-campeonato-panamericano-sambo\/","title":{"rendered":"Selecciones llegan a RD para Campeonato Panamericano de Sambo"},"content":{"rendered":"<p>SANTO DOMINGO.-La selecci\u00f3n de Chile y ejecutivos rusos de la Federaci\u00f3n Internacional de Sambo (FIAS) llegaron al pa\u00eds este lunes, para su compromiso con el Campeonato Panamericano de esa disciplina que se efectuar\u00e1 en el pabell\u00f3n de balonmano del Parque del Este, del 28 al 30 del presente mes.<\/p>\n<p>Chile arrib\u00f3 por el Aeropuerto de Las Am\u00e9ricas y se espera la llegada de un grueso de equipos que completar\u00e1n su arribo a la Rep\u00fablica Dominicana este jueves.<\/p>\n<p>La informaci\u00f3n la ofreci\u00f3 el presidente de la Federaci\u00f3n Dominicana de Sambo, Eliseo Romero, , quien record\u00f3 que el evento tiene el respaldo del Ministerio de Deportes y el Comit\u00e9 Ol\u00edmpico Dominicano.<\/p>\n<p>Romero manifest\u00f3 que este jueves a las 11:00, ultimar\u00e1n los detalles de la justa, en el Sal\u00f3n Ulises Garc\u00eda Saleta, del Comit\u00e9 Ol\u00edmpico Internacional.<\/p>\n<p>En la actividad estar\u00e1n representantes de la FIAS y de las delegaciones que competir\u00e1n en el Panamericano, en que estar\u00e1n atletas de 25 naciones, ya confirmadas.<\/p>\n<p>Record\u00f3 que la selecci\u00f3n anfitriona est\u00e1 compuesta por 27 atletas y que est\u00e1 debidamente preparada para revalidar el t\u00edtulo ganado el a\u00f1o pasado en M\u00e9xico.<\/p>\n<p>El Campeonato Panamericano de Sambo se celebrar\u00e1 los d\u00edas viernes, s\u00e1bado en el pabell\u00f3n de balonmano del Parque del Este y el domingo se har\u00e1 el Panamericano de Playa, en Boca Chica.<\/p>\n<p>Tanto el Ministerio de Deportes como el Comit\u00e9 Ol\u00edmpico Dominicano han manifestado su apoyo al evento.<\/p>\n<p>Dentro de los pa\u00edses que estar\u00e1n presentes adem\u00e1s de Chile y Rep\u00fablica Dominicana est\u00e1n, Cuba, Estados Unidos, M\u00e9xico, Colombia, Uruguay, Paraguay, Canad\u00e1, Nicaragua, El Salvador, Honduras, Costa Rica, Argentina, Brasil, entre otros.<\/p>\n","protected":false},"excerpt":{"rendered":"<p>Chile arrib\u00f3 por el Aeropuerto de Las Am\u00e9ricas y se espera la llegada de un grueso de equipos que completar\u00e1n su arribo a la Rep\u00fablica Dominicana este jueves.<\/p>\n","protected":false},"author":16,"featured_media":56456,"comment_status":"closed","ping_status":"closed","sticky":false,"template":"","format":"standard","meta":[],"categories":[2,60],"tags":[],"acf":[],"_links":{"self":[{"href":"https:\/\/colimdo.org\/wp-api\/wp\/v2\/posts\/56455"}],"collection":[{"href":"https:\/\/colimdo.org\/wp-api\/wp\/v2\/posts"}],"about":[{"href":"https:\/\/colimdo.org\/wp-api\/wp\/v2\/types\/post"}],"author":[{"embeddable":true,"href":"https:\/\/colimdo.org\/wp-api\/wp\/v2\/users\/16"}],"replies":[{"embeddable":true,"href":"https:\/\/colimdo.org\/wp-api\/wp\/v2\/comments?post=56455"}],"version-history":[{"count":1,"href":"https:\/\/colimdo.org\/wp-api\/wp\/v2\/posts\/56455\/revisions"}],"predecessor-version":[{"id":56457,"href":"https:\/\/colimdo.org\/wp-api\/wp\/v2\/posts\/56455\/revisions\/56457"}],"wp:featuredmedia":[{"embeddable":true,"href":"https:\/\/colimdo.org\/wp-api\/wp\/v2\/media\/56456"}],"wp:attachment":[{"href":"https:\/\/colimdo.org\/wp-api\/wp\/v2\/media?parent=56455"}],"wp:term":[{"taxonomy":"category","embeddable":true,"href":"https:\/\/colimdo.org\/wp-api\/wp\/v2\/categories?post=56455"},{"taxonomy":"post_tag","embeddable":true,"href":"https:\/\/colimdo.org\/wp-api\/wp\/v2\/tags?post=56455"}],"curies":[{"name":"wp","href":"https:\/\/api.w.org\/{rel}","templated":true}]}}