{"id":56458,"date":"2019-06-25T03:30:50","date_gmt":"2019-06-25T03:30:50","guid":{"rendered":"https:\/\/colimdo.org\/?p=56458"},"modified":"2019-06-25T03:31:40","modified_gmt":"2019-06-25T03:31:40","slug":"anuncian-campamento-baloncesto-vinicio-munoz","status":"publish","type":"post","link":"https:\/\/colimdo.org\/noticias\/anuncian-campamento-baloncesto-vinicio-munoz\/","title":{"rendered":"Anuncian campamento de baloncesto Vinicio Mu\u00f1oz"},"content":{"rendered":"<p>SANTO DOMINGO.- La Escuela de Baloncesto Vinicio Mu\u00f1oz anunci\u00f3 su campamento de verano 2019 dirigido a jugadores de 7 a 18 a\u00f1os.<\/p>\n<p>El campeonato, inform\u00f3 el inmortal del baloncesto Vinicio Mu\u00f1oz, ser\u00e1 en las canchas abiertas del Centro Ol\u00edmpico Juan Pablo Duarte (COJPD) y ser\u00e1 dirigido por el exjugador.<\/p>\n<p>\u201cAdem\u00e1s de conocer del deporte, tambi\u00e9n habr\u00e1 charlas especiales\u201d, manifest\u00f3 Mu\u00f1oz, quien lanz\u00f3 un lanz\u00f3 un lema a los interesados: \u201cVen a aprender y a mejorar tu baloncesto\u201d.<\/p>\n<p>El campamento ser\u00e1 del primero al 26 de julio en horario de 8 de la ma\u00f1ana a 12 del mediod\u00eda y de lunes a viernes. Tambi\u00e9n habr\u00e1 intercambios con otros equipos de baloncesto.<\/p>\n","protected":false},"excerpt":{"rendered":"<p>Vinicio Mu\u00f1oz inform\u00f3 que se llevar\u00e1 a cabo del 1 al 26 de julio.<\/p>\n","protected":false},"author":16,"featured_media":56459,"comment_status":"closed","ping_status":"closed","sticky":false,"template":"","format":"standard","meta":[],"categories":[2,60],"tags":[],"acf":[],"_links":{"self":[{"href":"https:\/\/colimdo.org\/wp-api\/wp\/v2\/posts\/56458"}],"collection":[{"href":"https:\/\/colimdo.org\/wp-api\/wp\/v2\/posts"}],"about":[{"href":"https:\/\/colimdo.org\/wp-api\/wp\/v2\/types\/post"}],"author":[{"embeddable":true,"href":"https:\/\/colimdo.org\/wp-api\/wp\/v2\/users\/16"}],"replies":[{"embeddable":true,"href":"https:\/\/colimdo.org\/wp-api\/wp\/v2\/comments?post=56458"}],"version-history":[{"count":2,"href":"https:\/\/colimdo.org\/wp-api\/wp\/v2\/posts\/56458\/revisions"}],"predecessor-version":[{"id":56465,"href":"https:\/\/colimdo.org\/wp-api\/wp\/v2\/posts\/56458\/revisions\/56465"}],"wp:featuredmedia":[{"embeddable":true,"href":"https:\/\/colimdo.org\/wp-api\/wp\/v2\/media\/56459"}],"wp:attachment":[{"href":"https:\/\/colimdo.org\/wp-api\/wp\/v2\/media?parent=56458"}],"wp:term":[{"taxonomy":"category","embeddable":true,"href":"https:\/\/colimdo.org\/wp-api\/wp\/v2\/categories?post=56458"},{"taxonomy":"post_tag","embeddable":true,"href":"https:\/\/colimdo.org\/wp-api\/wp\/v2\/tags?post=56458"}],"curies":[{"name":"wp","href":"https:\/\/api.w.org\/{rel}","templated":true}]}}