{"id":56466,"date":"2019-06-25T03:37:35","date_gmt":"2019-06-25T03:37:35","guid":{"rendered":"https:\/\/colimdo.org\/?p=56466"},"modified":"2019-06-25T03:37:35","modified_gmt":"2019-06-25T03:37:35","slug":"marcelloni-arias-conquista-medalla-plata-trophy-filippini","status":"publish","type":"post","link":"https:\/\/colimdo.org\/noticias\/marcelloni-arias-conquista-medalla-plata-trophy-filippini\/","title":{"rendered":"Marcelloni Arias conquista medalla de plata en el Trophy Filippini"},"content":{"rendered":"<p>DIARIO LIBRE. Micaela Marcelloni Arias sigue su ruta ascendente en el patinaje. La ni\u00f1a de 13 a\u00f1os brill\u00f3, una vez m\u00e1s, en el Internacional Trophy Filippini donde gan\u00f3 medalla de plata en la modalidad de libre, categor\u00eda cadete en la edici\u00f3n n\u00famero 22 del certamen.<\/p>\n<div id=\"\" class=\"portlet-boundary portlet-static-end content-viewer-portlet last full-access norestricted\">\n<div class=\"text\">\n<div class=\"paragraph\">\n<p>As\u00ed lo inform\u00f3 el director t\u00e9cnico de la Federaci\u00f3n Dominicana de Patinaje, Manuel de Jes\u00fas.<\/p>\n<p>Marcelloni conquist\u00f3 la medalla de bronce en patinaje art\u00edstico en los pasados Juegos Centroamericanos y del Caribe de Barranquilla 2018 ahora mostr\u00f3 sus cualidades en Misano, Italia, sede del Trophy Filippini, que se llev\u00f3 a cabo del 15 al 23 de junio.<\/p>\n<p>En la categor\u00eda de Marcelloni Arias compitieron 16 ni\u00f1as provenientes de Italia, Israel, Portugal, Francia, Colombia y Rep\u00fablica Dominicana.<\/p>\n<p>Micaela termin\u00f3 con puntuaci\u00f3n de 34.62 detr\u00e1s de Claudia Cavagnero, de Italia 37.26 y por delante de Ashkenazy Lihi, de Isrrael.<\/p>\n<\/div>\n<div class=\"entretitulo\">Rumbo al Mundial<\/div>\n<div class=\"paragraph\">\n<p>La pr\u00f3xima participaci\u00f3n de la ni\u00f1a ser\u00e1n los World Rollers Games en Barcelona \u201cy con eso termina la temporada 2019\u201d, se\u00f1al\u00f3 De Jes\u00fas.<\/p>\n<p>\u201cLa idea es que ella viva y gane la experiencia de competir en un mundial, que se familiarice con un escenario de esa altura\u201d, se\u00f1al\u00f3 De Jes\u00fas a DL.<\/p>\n<p>Inform\u00f3 que ella va a competir en la categor\u00eda junior, \u201cque de hecho es una categor\u00eda mayor\u201d a la que pertenece la ni\u00f1a, destac\u00f3 De Jes\u00fas. Ese campeonato mundial ser\u00e1 del 4 al 14 de julio.<\/p>\n<p>\u201cSe espera que este evento le sirva para visualizarse como atleta de \u00e9lite mundial dentro de un par de temporadas\u201d, dijo De Jes\u00fas.<\/p>\n<\/div>\n<\/div>\n<\/div>\n<div id=\"\" class=\"portlet-boundary portlet-static-end content-viewer-portlet last full-access norestricted\"><\/div>\n<div id=\"\" class=\"portlet-boundary portlet-static-end adcontainer-portlet\"><\/div>\n","protected":false},"excerpt":{"rendered":"<p>a patinadora competir\u00e1 luego en el World Rollers Games en Barcelona.<\/p>\n","protected":false},"author":16,"featured_media":56467,"comment_status":"closed","ping_status":"closed","sticky":false,"template":"","format":"standard","meta":[],"categories":[2,60],"tags":[],"acf":[],"_links":{"self":[{"href":"https:\/\/colimdo.org\/wp-api\/wp\/v2\/posts\/56466"}],"collection":[{"href":"https:\/\/colimdo.org\/wp-api\/wp\/v2\/posts"}],"about":[{"href":"https:\/\/colimdo.org\/wp-api\/wp\/v2\/types\/post"}],"author":[{"embeddable":true,"href":"https:\/\/colimdo.org\/wp-api\/wp\/v2\/users\/16"}],"replies":[{"embeddable":true,"href":"https:\/\/colimdo.org\/wp-api\/wp\/v2\/comments?post=56466"}],"version-history":[{"count":1,"href":"https:\/\/colimdo.org\/wp-api\/wp\/v2\/posts\/56466\/revisions"}],"predecessor-version":[{"id":56468,"href":"https:\/\/colimdo.org\/wp-api\/wp\/v2\/posts\/56466\/revisions\/56468"}],"wp:featuredmedia":[{"embeddable":true,"href":"https:\/\/colimdo.org\/wp-api\/wp\/v2\/media\/56467"}],"wp:attachment":[{"href":"https:\/\/colimdo.org\/wp-api\/wp\/v2\/media?parent=56466"}],"wp:term":[{"taxonomy":"category","embeddable":true,"href":"https:\/\/colimdo.org\/wp-api\/wp\/v2\/categories?post=56466"},{"taxonomy":"post_tag","embeddable":true,"href":"https:\/\/colimdo.org\/wp-api\/wp\/v2\/tags?post=56466"}],"curies":[{"name":"wp","href":"https:\/\/api.w.org\/{rel}","templated":true}]}}