{"id":56510,"date":"2019-06-25T17:27:08","date_gmt":"2019-06-25T17:27:08","guid":{"rendered":"https:\/\/colimdo.org\/?p=56510"},"modified":"2019-06-25T17:35:04","modified_gmt":"2019-06-25T17:35:04","slug":"tenis-mesa-fortalece-debilidades-subir-al-podium-lima-2019","status":"publish","type":"post","link":"https:\/\/colimdo.org\/noticias\/tenis-mesa-fortalece-debilidades-subir-al-podium-lima-2019\/","title":{"rendered":"Tenis de Mesa fortalece sus debilidades para subir al p\u00f3dium en Lima 2019"},"content":{"rendered":"<p>HANLY RAM\u00cdREZ. &#8211; La selecci\u00f3n dominicana de tenis de mesa quiere poner a brillar al pa\u00eds en los Juegos Panamericanos que se efectuar\u00e1n en Lima, Per\u00fa, del 26 de julio al 11 de agosto, para lo cual el equipo se ha enfocado en mejorar sus debilidades que pueden interponerse en ese objetivo.<\/p>\n<p>\u201cEstamos trabajando lo que fueron las debilidades que identificamos en el pasado Campeonato Latinoamericano celebrado en Guatemala, de manera que estamos fortaleciendo esos puntos d\u00e9biles para tener unos buenos resultados en los Juegos Panamericanos\u201d, expres\u00f3 a Colimdo, Samuel G\u00e1lvez,\u00a0\u00a0miembro del equipo nacional de tenis de mesa.<\/p>\n<p>El conjunto quisqueyano de esta disciplina en la actualidad se entrena en las instalaciones de este deporte en el Parque del Este, donde han desarrollado un programa de entrenamientos basados en eliminar las fallas que fueron evidentes en el reciente torneo latinoamericano, se\u00f1al\u00f3 Gary Hern\u00e1ndez, quien es delegado de la Federaci\u00f3n Dominicana de Tenis de Mesa, quien adem\u00e1s revel\u00f3 que los atletas partir\u00e1n el pr\u00f3ximo 02 de julio a Chengdu, China, donde tendr\u00e1n una base de entrenamientos por 21 d\u00edas.<\/p>\n<p>\u201cLos entrenamientos han sido muy buenos, ahora iremos a China y regresamos al pa\u00eds una semana antes de partir a Juegos Panamericanos, tiempo que\u00a0\u00a0servir\u00e1 de adaptaci\u00f3n para la competencia\u201d, puntualiz\u00f3 G\u00e1lvez.<\/p>\n<p>Tanto G\u00e1lvez, como Smerlin Castro, quien es parte del equipo femenino que ir\u00e1 a Lima, est\u00e1n convencidos de que dar\u00e1n un gran torneo, aunque son conscientes de los duros rivales que tendr\u00e1n de frente.<\/p>\n<p>\u201cEste es un torneo muy importantes para nosotros\u201d, extern\u00f3 Castro, quien estar\u00e1\u00a0\u00a0por primera vez en el evento multideportivo m\u00e1s importante del continente, \u201ctendremos rivales muy buenos como Estados Unidos, Brasil y Puerto Rico, pero nuestro car\u00e1cter es\u00a0\u00a0siempre salir y dar lo mejor\u201d.<\/p>\n<p>En el caso de G\u00e1lvez, no titubea al confirmar que estar\u00e1n entre los mejores tres del torneo de tenis de mesa de los Juegos Panamericanos, \u201csoy parte del equipo masculino, creo que podemos estar en el p\u00f3dium y vamos a luchar por eso\u201d.<\/p>\n<p>La confianza de la Federaci\u00f3n Dominicana de Tenis de Mesa, sobre este grupo se fundamenta en el nivel de preparaci\u00f3n con la cual llegar\u00e1n al evento.<\/p>\n<p>\u201cTenemos un equipo que llegar\u00e1 mejor preparado a los Juegos Panamericanos, porque hemos trabajo fuerte y obviamente esperamos que los resultados se van a ver\u201d, concluy\u00f3 Hern\u00e1ndez.<\/p>\n","protected":false},"excerpt":{"rendered":"<p> La selecci\u00f3n dominicana de tenis de mesa quiere poner a brillar al pa\u00eds en los Juegos Panamericanos que se efectuar\u00e1n en Lima, Per\u00fa, del 26 de julio al 11 de agosto, para lo cual el equipo se ha enfocado en mejorar sus debilidades que pueden interponerse en ese objetivo.<\/p>\n","protected":false},"author":19,"featured_media":56515,"comment_status":"closed","ping_status":"closed","sticky":false,"template":"","format":"standard","meta":[],"categories":[2,60],"tags":[],"acf":[],"_links":{"self":[{"href":"https:\/\/colimdo.org\/wp-api\/wp\/v2\/posts\/56510"}],"collection":[{"href":"https:\/\/colimdo.org\/wp-api\/wp\/v2\/posts"}],"about":[{"href":"https:\/\/colimdo.org\/wp-api\/wp\/v2\/types\/post"}],"author":[{"embeddable":true,"href":"https:\/\/colimdo.org\/wp-api\/wp\/v2\/users\/19"}],"replies":[{"embeddable":true,"href":"https:\/\/colimdo.org\/wp-api\/wp\/v2\/comments?post=56510"}],"version-history":[{"count":1,"href":"https:\/\/colimdo.org\/wp-api\/wp\/v2\/posts\/56510\/revisions"}],"predecessor-version":[{"id":56512,"href":"https:\/\/colimdo.org\/wp-api\/wp\/v2\/posts\/56510\/revisions\/56512"}],"wp:featuredmedia":[{"embeddable":true,"href":"https:\/\/colimdo.org\/wp-api\/wp\/v2\/media\/56515"}],"wp:attachment":[{"href":"https:\/\/colimdo.org\/wp-api\/wp\/v2\/media?parent=56510"}],"wp:term":[{"taxonomy":"category","embeddable":true,"href":"https:\/\/colimdo.org\/wp-api\/wp\/v2\/categories?post=56510"},{"taxonomy":"post_tag","embeddable":true,"href":"https:\/\/colimdo.org\/wp-api\/wp\/v2\/tags?post=56510"}],"curies":[{"name":"wp","href":"https:\/\/api.w.org\/{rel}","templated":true}]}}