{"id":56532,"date":"2019-06-26T01:10:30","date_gmt":"2019-06-26T01:10:30","guid":{"rendered":"https:\/\/colimdo.org\/?p=56532"},"modified":"2019-06-26T01:10:44","modified_gmt":"2019-06-26T01:10:44","slug":"veleristas-participaran-clinica-internacional-sunfish-bani","status":"publish","type":"post","link":"https:\/\/colimdo.org\/noticias\/veleristas-participaran-clinica-internacional-sunfish-bani\/","title":{"rendered":"Veleristas participaran en cl\u00ednica internacional de Sunfish en Ban\u00ec"},"content":{"rendered":"<p>SANTO DOMINGO. Con la participaci\u00f3n de varios pa\u00edses, la Federaci\u00f3n Dominicana de Vela puso en marcha una base de entrenamiento con miras a los Juegos Panamericanos que tendr\u00e1n lugar del 26 de julio al 11 de agosto en Lima, Per\u00f9.<\/p>\n<p>La base de preparaci\u00f3n, que comenz\u00f3 el lunes, se extender\u00e1 hasta este domingo, seg\u00fan dio a conocer la direcci\u00f3n de la Federaci\u00f3n Dominicana de Vela.<\/p>\n<p>La Cl\u00ednica Internacional, que se lleva a cabo en la modalidad Sunfish, se realiza en la Escuela de Vela Las Calderas, en la Base Naval Las Calderas, de Salinas, Ban\u00ec.<\/p>\n<p>Por Guatemala participan el atleta David Hern\u00e1ndez, as\u00ed como el entrenador Hugo Guzm\u00e1n y Josu\u00e9 Mazarigos, fisioterapeuta.<\/p>\n<p>Por Puerto Rico, hizo el viaje el atleta Agust\u00ecn L\u00e1zaro, mientras que la representaci\u00f3n de Cuba est\u00e1 conformada por los deportistas Lester Hern\u00e1ndez, Dennier Infante y su entrenador Carlos Hermida.<\/p>\n<p>Por la Rep\u00fablica Dominicana figuran Esneiry P\u00e9rez, Christopher Theo, Junior Feliz, Jhony Pobe, Rene Mosbeux, Renny Peralta, Cristefer Feliz y Marco Pitre, entre otros atletas, y el entrenador Wilfredo Batista Docampo.<\/p>\n<p>\u201cSe incluy\u00f3 el mayor n\u00famero de veleristas dominicanos con el objetivo de fortalecer y mejorar los conocimientos t\u00e9cnicos, pr\u00e1cticos y te\u00f3ricos, adem\u00e1s de realizar regatas como forma de fogueos entre s\u00ed\u201d, agrega una nota de la federaci\u00f3n de Vela.<\/p>\n<p>Las competencias del torneo de vela de los Juegos Panamericanos tendr\u00e1n como escenario Pacarana, lugar que tiene similitudes climatol\u00f3gicas a Las Calderas.<\/p>\n<p>La Federaci\u00f3n Dominicana de Vela participar\u00e1 en los Juegos Panamericanos de Lima 2019 con una delegaci\u00f3n integrada por los atletas Cristino Alexander Soto, en Kitefoil, y Esneiry P\u00e9rez, en Sunfish, con los entrenadores Javier Ocariz y Wilfredo Batista Docampo, as\u00ed como la delegada Irina P\u00e9rez, actual vicepresidenta de la entidad deportiva.<\/p>\n<p>La base de preparaci\u00f3n de vela cuenta con el respaldo de la Armada de Rep\u00fablica Dominicana, Ministerio de Deportes y el Comit\u00e9 Ol\u00edmpico Dominicano.<\/p>\n","protected":false},"excerpt":{"rendered":"<p>La base de preparaci\u00f3n se lleva a cabo en la Base Naval Las Calderas, en Ban\u00ec con atletas de varios pa\u00edses con miras a los Juegos Panamericanos de Lima, Per\u00fa.<\/p>\n","protected":false},"author":13,"featured_media":56533,"comment_status":"closed","ping_status":"closed","sticky":false,"template":"","format":"standard","meta":[],"categories":[2,60],"tags":[],"acf":[],"_links":{"self":[{"href":"https:\/\/colimdo.org\/wp-api\/wp\/v2\/posts\/56532"}],"collection":[{"href":"https:\/\/colimdo.org\/wp-api\/wp\/v2\/posts"}],"about":[{"href":"https:\/\/colimdo.org\/wp-api\/wp\/v2\/types\/post"}],"author":[{"embeddable":true,"href":"https:\/\/colimdo.org\/wp-api\/wp\/v2\/users\/13"}],"replies":[{"embeddable":true,"href":"https:\/\/colimdo.org\/wp-api\/wp\/v2\/comments?post=56532"}],"version-history":[{"count":1,"href":"https:\/\/colimdo.org\/wp-api\/wp\/v2\/posts\/56532\/revisions"}],"predecessor-version":[{"id":56534,"href":"https:\/\/colimdo.org\/wp-api\/wp\/v2\/posts\/56532\/revisions\/56534"}],"wp:featuredmedia":[{"embeddable":true,"href":"https:\/\/colimdo.org\/wp-api\/wp\/v2\/media\/56533"}],"wp:attachment":[{"href":"https:\/\/colimdo.org\/wp-api\/wp\/v2\/media?parent=56532"}],"wp:term":[{"taxonomy":"category","embeddable":true,"href":"https:\/\/colimdo.org\/wp-api\/wp\/v2\/categories?post=56532"},{"taxonomy":"post_tag","embeddable":true,"href":"https:\/\/colimdo.org\/wp-api\/wp\/v2\/tags?post=56532"}],"curies":[{"name":"wp","href":"https:\/\/api.w.org\/{rel}","templated":true}]}}