{"id":56540,"date":"2019-06-26T02:37:14","date_gmt":"2019-06-26T02:37:14","guid":{"rendered":"https:\/\/colimdo.org\/?p=56540"},"modified":"2019-06-26T02:37:14","modified_gmt":"2019-06-26T02:37:14","slug":"rafael-nadal-aceptare-tres-lo-ven-asi-luchare","status":"publish","type":"post","link":"https:\/\/colimdo.org\/noticias\/rafael-nadal-aceptare-tres-lo-ven-asi-luchare\/","title":{"rendered":"Rafael Nadal: \u201cAceptar\u00e9 ser tres si lo ven as\u00ed y luchar\u00e9\u201d"},"content":{"rendered":"<p>LONDRES.- Este mi\u00e9rcoles el All England Tennis Club anunciar\u00e1 el orden de cabezas de serie de los cuadros de Wimbledon y si sigue su particular sistema de ordenamiento, Rafael Nadal ceder\u00e1 el segundo puesto de la lista al suizo Roger Federer, circunstancia que el espa\u00f1ol aceptar\u00e1, con la convicci\u00f3n de luchar despu\u00e9s \u201cpara intentar ganar\u201d, los partidos que le toquen.<\/p>\n<p>\u201cCreo que es lo de siempre. Wimbledon es el \u00fanico torneo del a\u00f1o que hacen lo que les parece en ese sentido\u201d, dijo el campe\u00f3n de Roland Garros en una entrevista en el informativo \u201cVamos\u201d de Movistar Plus.<\/p>\n<p>\u201cEs un criterio. Sea como sea, si soy dos o tres, tendr\u00e9 que jugar a mi mejor nivel para aspirar a lo que aspiro\u201d, continu\u00f3 el balear. \u201cEvidentemente es mejor ser n\u00famero 2 que 3 pero si ellos consideran que debo ser 3, lo aceptar\u00e9 y luchar\u00e9 para intentar ganar los partidos que me toquen y competir bien con los rivales que me toquen. Lo \u00fanico que a m\u00ed no me parece bien de esta historia es que solo sea Wimbledon el que lo haga\u201d, matiz\u00f3.<\/p>\n<p>\u201cSi lo hiciesen todos ser\u00eda correcto\u201d, dijo al referirse a los Grand Slams, \u201cpero que lo haga solo un torneo\u2026 no solo ha ocurrido en mi lugar, le ha pasado a otros jugadores. No respetan el estatus que algunos jugadores se han ganado a lo largo de la temporada jugando bien en las diferentes superficies\u201d, puntualiz\u00f3.<\/p>\n<p>\u201cLo \u00fanico que me afecta de ser 2 o 3, es que si soy 3 seguro que si quiero llegar a la final o Djokovic o Federer estar\u00e1n en mi cuadro, pero eso s\u00f3lo podr\u00eda darse en semifinales y para llegar ah\u00ed tengo que ganar 5 partidos\u201d, analiz\u00f3. \u201cA d\u00eda de hoy me queda lejos. No me lo planteo, intento estar en lo que tengo que estar que es en llegar lo mejor preparado posible\u201d.<\/p>\n<p>Sobre los candidatos al triunfo, Nadal dijo que \u201csupongo que Federer Djokovic, y hay j\u00f3venes que est\u00e1n jugando bien, y hay que ver como compiten en Wimbledon que es un torneo especial, distinto a los dem\u00e1s. Hay m\u00e1s opciones de sorpresas y eso hace que sea un torneo \u00fanico, porque hay muchos jugadores que llegamos ah\u00ed pr\u00e1cticamente jugando nuestro primer partido en hierba, con lo cual es un poquito m\u00e1s inc\u00f3gnita\u201d.<\/p>\n<p>Nadal tambi\u00e9n elogi\u00f3 la semana de Feliciano L\u00f3pez en Queen\u2019s ganando el t\u00edtulo en individual y doble. \u201cFeli es siempre un candidato a hacer cosas importantes en hierba, lleva muchos a\u00f1os jugando muy bien en hierba y cuando \u00e9l est\u00e1 bien es uno de los jugadores que se le puede considerar especialista\u201d, dijo.<\/p>\n<p>\u201cMuy feliz por \u00e9l por esta semana m\u00e1gica que ha tenido en Queen\u2019s. He estado viendo sus \u00faltimos partidos las semis y final, y estoy encantado y muy contento de su victoria, obtenida en un momento que la necesitaba\u201d, se\u00f1al\u00f3.<\/p>\n","protected":false},"excerpt":{"rendered":"<p>\u201cCreo que es lo de siempre. Wimbledon es el \u00fanico torneo del a\u00f1o que hacen lo que les parece en ese sentido\u201d, dijo el campe\u00f3n de Roland Garros en una entrevista en el informativo \u201cVamos\u201d de Movistar Plus.<\/p>\n","protected":false},"author":16,"featured_media":56541,"comment_status":"closed","ping_status":"closed","sticky":false,"template":"","format":"standard","meta":[],"categories":[2,60],"tags":[],"acf":[],"_links":{"self":[{"href":"https:\/\/colimdo.org\/wp-api\/wp\/v2\/posts\/56540"}],"collection":[{"href":"https:\/\/colimdo.org\/wp-api\/wp\/v2\/posts"}],"about":[{"href":"https:\/\/colimdo.org\/wp-api\/wp\/v2\/types\/post"}],"author":[{"embeddable":true,"href":"https:\/\/colimdo.org\/wp-api\/wp\/v2\/users\/16"}],"replies":[{"embeddable":true,"href":"https:\/\/colimdo.org\/wp-api\/wp\/v2\/comments?post=56540"}],"version-history":[{"count":1,"href":"https:\/\/colimdo.org\/wp-api\/wp\/v2\/posts\/56540\/revisions"}],"predecessor-version":[{"id":56542,"href":"https:\/\/colimdo.org\/wp-api\/wp\/v2\/posts\/56540\/revisions\/56542"}],"wp:featuredmedia":[{"embeddable":true,"href":"https:\/\/colimdo.org\/wp-api\/wp\/v2\/media\/56541"}],"wp:attachment":[{"href":"https:\/\/colimdo.org\/wp-api\/wp\/v2\/media?parent=56540"}],"wp:term":[{"taxonomy":"category","embeddable":true,"href":"https:\/\/colimdo.org\/wp-api\/wp\/v2\/categories?post=56540"},{"taxonomy":"post_tag","embeddable":true,"href":"https:\/\/colimdo.org\/wp-api\/wp\/v2\/tags?post=56540"}],"curies":[{"name":"wp","href":"https:\/\/api.w.org\/{rel}","templated":true}]}}