{"id":56543,"date":"2019-06-26T02:43:08","date_gmt":"2019-06-26T02:43:08","guid":{"rendered":"https:\/\/colimdo.org\/?p=56543"},"modified":"2019-06-26T02:43:08","modified_gmt":"2019-06-26T02:43:08","slug":"amplia-posibilidad-ryan-court-retorne-al-escogido","status":"publish","type":"post","link":"https:\/\/colimdo.org\/noticias\/amplia-posibilidad-ryan-court-retorne-al-escogido\/","title":{"rendered":"Amplia posibilidad de que Ryan Court retorne al Escogido"},"content":{"rendered":"<p class=\"x_MsoNormal\"><b><span lang=\"ES-TRAD\">SANTO DOMINGO.-<\/span><\/b><span lang=\"ES-TRAD\">\u00a0El gerente general\u00a0Jos\u00e9 G\u00f3mez Fr\u00edas\u00a0dej\u00f3 abierta la posibilidad de que el infielder\u00a0Ryan Court\u00a0retorne como refuerzo con los\u00a0Leones del Escogido\u00a0para la temporada 2019-20 que comienza en octubre.<\/span><\/p>\n<p class=\"x_MsoNormal\"><span lang=\"ES-TRAD\">En declaraciones este martes al programa\u00a0Grandes en los Deportes, que se transmite de lunes a viernes por\u00a0Esc\u00e1ndalo 102.5 FM, el ejecutivo indic\u00f3 que se mantiene en conversaciones con Court y que \u201clo m\u00e1s probable es que se uniforme con el Escogido en alg\u00fan momento de la temporada\u201d.<\/span><\/p>\n<p class=\"x_MsoNormal\"><span lang=\"ES-TRAD\">\u201c\u00c9l ha sido un pelotero de segunda mitad en los \u00faltimos a\u00f1os y creo que su preferencia es siempre jugar en esa parte para tener la posibilidad de participar en la postemporada\u201d, coment\u00f3 el ejecutivo.<\/span><\/p>\n<p class=\"x_MsoNormal\"><span lang=\"ES-TRAD\">Court ha jugado con los Leones en los \u00faltimos dos a\u00f1os, totalizando 43 partidos de serie regular en los que ha acumulado .353 de promedio, .495 de porcentaje de embasarse, 18 remolcadas, 10 dobles y 30 anotadas.<\/span><\/p>\n<p class=\"x_MsoNormal\"><span lang=\"ES-TRAD\">Alexander y Lueke<\/span><\/p>\n<p class=\"x_MsoNormal\"><span lang=\"ES-TRAD\">En cuanto al abridor zurdo\u00a0Tyler Alexander\u00a0y el cerrador derecho\u00a0Josh Lueke, G\u00f3mez Fr\u00edas declar\u00f3 que tambi\u00e9n es posible que repitan con el equipo.<\/span><\/p>\n<p class=\"x_MsoNormal\"><span lang=\"ES-TRAD\">En la estaci\u00f3n 2018-19, Alexander tuvo marca de 2-3, 2.68 de efectividad con 48 ponches en 50.1 episodios, mientras que Lueke se anot\u00f3 9 rescates, tuvo 0.93 de porcentaje de carreras limpias con 18 ponches en 19.2 cap\u00edtulos.<\/span><\/p>\n<p class=\"x_MsoNormal\"><span lang=\"ES-TRAD\">Lowey, complicado<\/span><\/p>\n<p class=\"x_MsoNormal\"><span lang=\"ES-TRAD\">El gerente tambi\u00e9n explic\u00f3 que es poco probable que los Leones puedan contar con el derecho\u00a0Josh Lowey, electo Lanzador del A\u00f1o en la temporada anterior, debido a que someti\u00f3 a una operaci\u00f3n tras lesionarse el ligamento cruzado de su rodilla derecha el pasado 24 de mayo, mientras lanzaba con los\u00a0Acereros del Norte\u00a0en la\u00a0Liga Mexicana de B\u00e9isbol.<\/span><\/p>\n<p class=\"x_MsoNormal\"><span lang=\"ES-TRAD\">\u201cLamentablemente es casi seguro que no contemos con \u00e9l. Tendr\u00eda que darse una recuperaci\u00f3n muy acelerada para que pueda estar disponible\u201d, explic\u00f3.<\/span><\/p>\n<p class=\"x_MsoNormal\"><span lang=\"ES-TRAD\">Heineman<\/span><\/p>\n<p class=\"x_MsoNormal\"><span lang=\"ES-TRAD\">G\u00f3mez Fr\u00edas agreg\u00f3 que su\u00a0Departamento de Operaciones de B\u00e9isbol\u00a0est\u00e1 muy pendiente del jardinero\u00a0Scott Heineman, quien tambi\u00e9n reforz\u00f3 a los melenudos en el torneo pasado, dejando .255 de promedio con 2 cuadrangulares y 14 impulsadas en 28 juegos donde adem\u00e1s jug\u00f3 una excelente defensa.<\/span><\/p>\n","protected":false},"excerpt":{"rendered":"<p>El gerente general\u00a0Jos\u00e9 G\u00f3mez Fr\u00edas\u00a0dej\u00f3 abierta la posibilidad de que el infielder\u00a0Ryan Court\u00a0retorne como refuerzo con los\u00a0Leones del Escogido\u00a0para la temporada 2019-20 que comienza en octubre.<\/p>\n","protected":false},"author":16,"featured_media":56544,"comment_status":"closed","ping_status":"closed","sticky":false,"template":"","format":"standard","meta":[],"categories":[2,60],"tags":[],"acf":[],"_links":{"self":[{"href":"https:\/\/colimdo.org\/wp-api\/wp\/v2\/posts\/56543"}],"collection":[{"href":"https:\/\/colimdo.org\/wp-api\/wp\/v2\/posts"}],"about":[{"href":"https:\/\/colimdo.org\/wp-api\/wp\/v2\/types\/post"}],"author":[{"embeddable":true,"href":"https:\/\/colimdo.org\/wp-api\/wp\/v2\/users\/16"}],"replies":[{"embeddable":true,"href":"https:\/\/colimdo.org\/wp-api\/wp\/v2\/comments?post=56543"}],"version-history":[{"count":1,"href":"https:\/\/colimdo.org\/wp-api\/wp\/v2\/posts\/56543\/revisions"}],"predecessor-version":[{"id":56545,"href":"https:\/\/colimdo.org\/wp-api\/wp\/v2\/posts\/56543\/revisions\/56545"}],"wp:featuredmedia":[{"embeddable":true,"href":"https:\/\/colimdo.org\/wp-api\/wp\/v2\/media\/56544"}],"wp:attachment":[{"href":"https:\/\/colimdo.org\/wp-api\/wp\/v2\/media?parent=56543"}],"wp:term":[{"taxonomy":"category","embeddable":true,"href":"https:\/\/colimdo.org\/wp-api\/wp\/v2\/categories?post=56543"},{"taxonomy":"post_tag","embeddable":true,"href":"https:\/\/colimdo.org\/wp-api\/wp\/v2\/tags?post=56543"}],"curies":[{"name":"wp","href":"https:\/\/api.w.org\/{rel}","templated":true}]}}