{"id":56546,"date":"2019-06-26T02:49:49","date_gmt":"2019-06-26T02:49:49","guid":{"rendered":"https:\/\/colimdo.org\/?p=56546"},"modified":"2019-06-26T02:49:49","modified_gmt":"2019-06-26T02:49:49","slug":"campeones-mundiales-participaran-triatlon-xterra-samana-2019","status":"publish","type":"post","link":"https:\/\/colimdo.org\/noticias\/campeones-mundiales-participaran-triatlon-xterra-samana-2019\/","title":{"rendered":"Campeones mundiales participar\u00e1n en triatl\u00f3n Xterra Saman\u00e1 2019"},"content":{"rendered":"<p>SANTO DOMINGO.- La cuarta versi\u00f3n de la competencia de triatl\u00f3n internacional \u201cXterra\u201d espera m\u00e1s de 160 participantes, informaron en rueda de prensa los organizadores de la actividad que se realizar\u00e1 el s\u00e1bado 31 de agosto y domingo 1 de septiembre, en Saman\u00e1.<\/p>\n<p>\u201cXterra\u201d est\u00e1 catalogada como la principal competici\u00f3n de triatl\u00f3n a nivel mundial, por lo cual congregar\u00e1 en el pa\u00eds a importantes atletas dentro de la justa deportiva, como los estadounidenses Branden Rakita, cinco veces campe\u00f3n del triatl\u00f3n; Suzanne Snyder, ganadora del circuito mundial Xterra; Keli Montgomery, renqueada entre las principales cinco del mundo, entre otros destacados atletas extranjeros.<\/p>\n<p>\u201cEn total se espera la participaci\u00f3n de 150 o m\u00e1s atletas dominicanos y cerca de 15 extranjeros\u201d, dijo Manuel Medrano, director t\u00e9cnico del evento.<\/p>\n<p>Los deportistas que participen en la competencia de Xterra tendr\u00e1n la posibilidad de clasificar para el campeonato mundial en Maui, Haw\u00e1i, seg\u00fan \u00a0explic\u00f3 Polibio Schiffino, presidente de Caribbean Multisport, signataria de la maca Xterra en el pa\u00eds.<\/p>\n<p>Durante la actividad deportiva se estar\u00e1 participando en las modalidades triatl\u00f3n y trail run, en las disciplinas \u201cOff Road\u201d, \u201cTrail Run\u201d, \u201cStand Up Paddle (SUP)\u201d y Kids Run.<\/p>\n<p>Para la categor\u00eda m\u00e1xima del triatl\u00f3n se competir\u00e1 en 1.500 metros a nado, 30 kil\u00f3metros en bicicleta y 10 kil\u00f3metros en carrera; y en la categor\u00eda \u201cSprint\u201d se participara por 750 metros a nado, 15 kil\u00f3metros en bicicleta y cinco kil\u00f3metros de carrera.<\/p>\n<p>Para este a\u00f1o se incluyeron las modalidades \u201cDry Tri\u201d o remo est\u00e1tico y Wod Crossfit.<\/p>\n<p>Rafael Blanco, presidente de Cos\u00f3n Bay Hotel &amp; Residences, relat\u00f3 el creciente inter\u00e9s de los viajeros internacionales en el turismo deportivo que se practica en el pa\u00eds, al que se ha sumado en los \u00faltimos a\u00f1os el triatl\u00f3n de Xterra.<\/p>\n<p>De su lado, Gina N\u00fa\u00f1ez de la cadena hotelera Viva Wyndham, indic\u00f3 que se han acomodado planes para los atletas internacionales que deseen participar en el evento, as\u00ed como m\u00e9todos para incentivar la participaci\u00f3n de las familias dominicanas.<\/p>\n","protected":false},"excerpt":{"rendered":"<p>La cuarta versi\u00f3n de la competencia de triatl\u00f3n internacional \u201cXterra\u201d espera m\u00e1s de 160 participantes, informaron en rueda de prensa los organizadores de la actividad que se realizar\u00e1 el s\u00e1bado 31 de agosto y domingo 1 de septiembre, en Saman\u00e1.<\/p>\n","protected":false},"author":16,"featured_media":56547,"comment_status":"closed","ping_status":"closed","sticky":false,"template":"","format":"standard","meta":[],"categories":[2,60],"tags":[],"acf":[],"_links":{"self":[{"href":"https:\/\/colimdo.org\/wp-api\/wp\/v2\/posts\/56546"}],"collection":[{"href":"https:\/\/colimdo.org\/wp-api\/wp\/v2\/posts"}],"about":[{"href":"https:\/\/colimdo.org\/wp-api\/wp\/v2\/types\/post"}],"author":[{"embeddable":true,"href":"https:\/\/colimdo.org\/wp-api\/wp\/v2\/users\/16"}],"replies":[{"embeddable":true,"href":"https:\/\/colimdo.org\/wp-api\/wp\/v2\/comments?post=56546"}],"version-history":[{"count":1,"href":"https:\/\/colimdo.org\/wp-api\/wp\/v2\/posts\/56546\/revisions"}],"predecessor-version":[{"id":56548,"href":"https:\/\/colimdo.org\/wp-api\/wp\/v2\/posts\/56546\/revisions\/56548"}],"wp:featuredmedia":[{"embeddable":true,"href":"https:\/\/colimdo.org\/wp-api\/wp\/v2\/media\/56547"}],"wp:attachment":[{"href":"https:\/\/colimdo.org\/wp-api\/wp\/v2\/media?parent=56546"}],"wp:term":[{"taxonomy":"category","embeddable":true,"href":"https:\/\/colimdo.org\/wp-api\/wp\/v2\/categories?post=56546"},{"taxonomy":"post_tag","embeddable":true,"href":"https:\/\/colimdo.org\/wp-api\/wp\/v2\/tags?post=56546"}],"curies":[{"name":"wp","href":"https:\/\/api.w.org\/{rel}","templated":true}]}}