{"id":56567,"date":"2019-06-26T15:53:21","date_gmt":"2019-06-26T15:53:21","guid":{"rendered":"https:\/\/colimdo.org\/?p=56567"},"modified":"2019-06-26T16:43:50","modified_gmt":"2019-06-26T16:43:50","slug":"luisito-pie-siempre-seremos-atletas-difienden-la-patria","status":"publish","type":"post","link":"https:\/\/colimdo.org\/noticias\/luisito-pie-siempre-seremos-atletas-difienden-la-patria\/","title":{"rendered":"Luisito Pie: &#8220;Siempre seremos atletas que defienden la patria&#8221;"},"content":{"rendered":"<p>SANTO DOMINGO, JORGE LUIS TORRES.- La selecci\u00f3n dominicana de Taekwondo se prepara arduamente para subir al p\u00f3dium a la Rep\u00fablica Dominicana en los pr\u00f3xims Juegos Panamericanos que ser\u00e1n efectuados a los 26 d\u00edas el mes de julio hasta el 11 de agosto.<\/p>\n<p>Los atletas miembros de la selecci\u00f3n dominicana de Taekwondo mantienen fuertes entrenamientos diarios con intenci\u00f3n de llevar a lo m\u00e1s alto la Bandera tricolor.<\/p>\n<p>\u201cNos estamos preparando con tres sesiones diarias, dos fuerte y una parte intermedia donde ajustamos nuestros movimientos. Siempre damos lo mejor de nosotros, el equipo est\u00e1 concentrado para viajar a los Juegos Panamericanos y hacer lo que\u00a0 por costumbre hemos hecho, poner al pa\u00eds en lo m\u00e1s alto. Somos y siempre seremos atletas que defienden la patria\u201d, coment\u00f3 Luistio Pie, ganador del premio atleta del a\u00f1o en la Gala Ol\u00edmpica edici\u00f3n 2017.<\/p>\n<p>\u201cNos enfocamos en los peque\u00f1os detalles, en esos errores que nos cuestan, tratando de reajustar para estar en \u00f3ptimas condiciones y dar nuestro mejor espect\u00e1culo en los Juegos Panamericanos\u201d, explic\u00f3 el medallista de Oro en los Juegos Centroamericanos de Barranquilla, Colombia, Bernardo Pie.<\/p>\n<p>La selecci\u00f3n de Taekwondo parte la pr\u00f3xima semana a Estados Unidos para participar en\u00a0 un Campeonato Panamericano como parte de su preparaci\u00f3n de cara a los Juegos Panamericanos de Lima 2019, luego de su participaci\u00f3n en dicho evento, el seleccionado nacional saldr\u00e1 a M\u00e9xico donde estar\u00e1 situada su base de entrenamientos.<\/p>\n<p>El conjunto se muestra unido, con grandes expectativas de representar su pa\u00eds y dar lo mejor de s\u00ed dentro de las competencias que le esperan.<\/p>\n<p>\u201cCuando representas t\u00fa pa\u00eds te sientes el ser m\u00e1s orgulloso, nos sentimos bien estando en frente de tu gente, con tus ra\u00edces y con tu familia. Ese es el momento puede tener a un atleta\u201d, adujo Bernardo Pie, miembro de la selecci\u00f3n nacional de Taekwondo.<\/p>\n<p>\u201cEs un gran orgullo, esta es la profesi\u00f3n que elegimos y en lo personal estoy muy emocionada de poder competir en estos Juegos Panamericanos\u201d, expres\u00f3 Katherine Rodr\u00edguez quien participar\u00e1 en sus terceros Juegos Panamericanos.<\/p>\n<p>El cuerpo t\u00e9cnico est\u00e1 dirigido por el entrenador Danny Rojas quien lleva alrededor de 18 a\u00f1os en frente de la selecci\u00f3n dominicana de Taekwondo.<\/p>\n","protected":false},"excerpt":{"rendered":"<p> La selecci\u00f3n dominicana de Taekwondo se prepara arduamente para subir al p\u00f3dium a la Rep\u00fablica Dominicana. Los atletas mantienen entrenamientos diarios con intenci\u00f3n de llevar a lo m\u00e1s alto la bandera tricolor.<\/p>\n","protected":false},"author":19,"featured_media":56568,"comment_status":"closed","ping_status":"closed","sticky":false,"template":"","format":"standard","meta":[],"categories":[2,60],"tags":[],"acf":[],"_links":{"self":[{"href":"https:\/\/colimdo.org\/wp-api\/wp\/v2\/posts\/56567"}],"collection":[{"href":"https:\/\/colimdo.org\/wp-api\/wp\/v2\/posts"}],"about":[{"href":"https:\/\/colimdo.org\/wp-api\/wp\/v2\/types\/post"}],"author":[{"embeddable":true,"href":"https:\/\/colimdo.org\/wp-api\/wp\/v2\/users\/19"}],"replies":[{"embeddable":true,"href":"https:\/\/colimdo.org\/wp-api\/wp\/v2\/comments?post=56567"}],"version-history":[{"count":7,"href":"https:\/\/colimdo.org\/wp-api\/wp\/v2\/posts\/56567\/revisions"}],"predecessor-version":[{"id":56587,"href":"https:\/\/colimdo.org\/wp-api\/wp\/v2\/posts\/56567\/revisions\/56587"}],"wp:featuredmedia":[{"embeddable":true,"href":"https:\/\/colimdo.org\/wp-api\/wp\/v2\/media\/56568"}],"wp:attachment":[{"href":"https:\/\/colimdo.org\/wp-api\/wp\/v2\/media?parent=56567"}],"wp:term":[{"taxonomy":"category","embeddable":true,"href":"https:\/\/colimdo.org\/wp-api\/wp\/v2\/categories?post=56567"},{"taxonomy":"post_tag","embeddable":true,"href":"https:\/\/colimdo.org\/wp-api\/wp\/v2\/tags?post=56567"}],"curies":[{"name":"wp","href":"https:\/\/api.w.org\/{rel}","templated":true}]}}