{"id":56577,"date":"2019-06-26T16:17:25","date_gmt":"2019-06-26T16:17:25","guid":{"rendered":"https:\/\/colimdo.org\/?p=56577"},"modified":"2019-06-26T16:17:25","modified_gmt":"2019-06-26T16:17:25","slug":"kroos-fichar-real-madrid-lo-mejor-hubiera-podido-pasarme","status":"publish","type":"post","link":"https:\/\/colimdo.org\/noticias\/kroos-fichar-real-madrid-lo-mejor-hubiera-podido-pasarme\/","title":{"rendered":"Kroos: &#8220;Fichar por el Real Madrid es lo mejor que hubiera podido pasarme&#8221;"},"content":{"rendered":"<p>Berl\u00edn, 26 jun (EFE).- El internacional alem\u00e1n, Toni Kroos, dijo que su fichaje por el Real Madrid ha sido lo mejor que hubiera podido pasarle en su carrera, y que en el club blanco ha logrado un reconocimiento que nunca hubiera tenido en el Bayern M\u00fanich.<\/p>\n<p>&#8220;Lo mejor que pod\u00eda pasarme era fichar por el Real Madrid. Como \u00fanico alem\u00e1n en el Madrid he tenido otro reconocimiento que como uno de ocho internacionales alemanes en el Bayern&#8221;, dijo Kroos, en una entrevista que publica hoy la revista &#8220;Sport Bild&#8221;.<\/p>\n<p>&#8220;Muchos de mis cr\u00edticos pensaban que no triunfar\u00eda en el Madrid, pero al menos me observaron. Creo que he logrado que mucha gente cambiase de opini\u00f3n, en el Bayern eso no hubiera sido posible. Aunque hubi\u00e9ramos ganado la Liga de Campeones la gente s\u00f3lo hubiera dicho que Kroos era tambi\u00e9n parte del equipo&#8221;, agreg\u00f3.<\/p>\n<p>Kroos, por otra parte, se plantea terminar su carrera cuando finalice su actual contrato con el Real Madrid en 2023.<\/p>\n<p>&#8220;La fecha del fin del contrato la eleg\u00ed conscientemente, pues pens\u00e9 que los 33 a\u00f1os son una buena edad para retirarse. Pero tengo tambi\u00e9n la posibilidad de hacer otra cosa&#8221;, se\u00f1al\u00f3.<\/p>\n<p>Lo que Kroos descarta desde ya es jugar alg\u00fan d\u00eda en destinos ex\u00f3ticos como EEUU, China o Qatar.<\/p>\n<p>En la entrevista, Kroos tambi\u00e9n se refiri\u00f3 a la marcha de Cristiano Ronaldo, y dijo que, aunque es claro que dej\u00f3 un vac\u00edo, defendi\u00f3 su marcha como una buena soluci\u00f3n para todos los implicados.<\/p>\n<p>&#8220;El quer\u00eda probar otra cosa y el Madrid gan\u00f3 dinero. Hay que mirar adelante&#8221;, dijo.<\/p>\n<p>Con respecto a los nuevos fichajes del Real Madrid, Kroos se refiri\u00f3 concretamente a Eden Hazard, de quien dijo que puede ser una figura central, y a Luka Jovic, sobre quien advirti\u00f3 que, aunque sus n\u00fameros lo avalan, una cosa es jugar en el Eintracht Fr\u00e1ncfort y otra en el Real Madrid.<\/p>\n<p>&#8220;Hazard puede ser en los pr\u00f3ximos a\u00f1os una figura central en el Real Madrid. Se lo deseo a \u00e9l y nos lo deseo a nosotros&#8221;, dijo Kroos que, sin embargo, advirti\u00f3 que los \u00e9xitos del equipo blanco se han basado siempre en el buen funcionamiento colectivo&#8221;, coment\u00f3 sobre el belga.<\/p>\n<p>Sobre Jovic admiti\u00f3 no haber seguido al Eintracht, pero se remiti\u00f3 a sus n\u00fameros.<\/p>\n<p>&#8220;Pese a ellos Madrid no es Fr\u00e1ncfort. Pero si el club lo fich\u00f3 es porque puede hacernos m\u00e1s fuertes&#8221;, dijo.<\/p>\n<p>Kroos tambi\u00e9n elogi\u00f3 a Zinedine Zidane, de quien dijo que ya s\u00f3lo con su personalidad y con el aura que le da su pasado tiene una gran influencia.<\/p>\n<p>&#8220;Con el tienes fe en poder ganar siempre todos los t\u00edtulos en juego&#8221;, apunt\u00f3.<\/p>\n","protected":false},"excerpt":{"rendered":"<p>El internacional alem\u00e1n, Toni Kroos, dijo que su fichaje por el Real Madrid ha sido lo mejor que hubiera podido pasarle en su carrera, y que en el club blanco ha logrado un reconocimiento que nunca hubiera tenido en el Bayern M\u00fanich.<\/p>\n","protected":false},"author":19,"featured_media":56578,"comment_status":"closed","ping_status":"closed","sticky":false,"template":"","format":"standard","meta":[],"categories":[2,60],"tags":[],"acf":[],"_links":{"self":[{"href":"https:\/\/colimdo.org\/wp-api\/wp\/v2\/posts\/56577"}],"collection":[{"href":"https:\/\/colimdo.org\/wp-api\/wp\/v2\/posts"}],"about":[{"href":"https:\/\/colimdo.org\/wp-api\/wp\/v2\/types\/post"}],"author":[{"embeddable":true,"href":"https:\/\/colimdo.org\/wp-api\/wp\/v2\/users\/19"}],"replies":[{"embeddable":true,"href":"https:\/\/colimdo.org\/wp-api\/wp\/v2\/comments?post=56577"}],"version-history":[{"count":1,"href":"https:\/\/colimdo.org\/wp-api\/wp\/v2\/posts\/56577\/revisions"}],"predecessor-version":[{"id":56579,"href":"https:\/\/colimdo.org\/wp-api\/wp\/v2\/posts\/56577\/revisions\/56579"}],"wp:featuredmedia":[{"embeddable":true,"href":"https:\/\/colimdo.org\/wp-api\/wp\/v2\/media\/56578"}],"wp:attachment":[{"href":"https:\/\/colimdo.org\/wp-api\/wp\/v2\/media?parent=56577"}],"wp:term":[{"taxonomy":"category","embeddable":true,"href":"https:\/\/colimdo.org\/wp-api\/wp\/v2\/categories?post=56577"},{"taxonomy":"post_tag","embeddable":true,"href":"https:\/\/colimdo.org\/wp-api\/wp\/v2\/tags?post=56577"}],"curies":[{"name":"wp","href":"https:\/\/api.w.org\/{rel}","templated":true}]}}