{"id":56588,"date":"2019-06-26T17:55:49","date_gmt":"2019-06-26T17:55:49","guid":{"rendered":"https:\/\/colimdo.org\/?p=56588"},"modified":"2019-06-26T18:00:11","modified_gmt":"2019-06-26T18:00:11","slug":"la-acd-nomina-grupo-15-periodistas-premios","status":"publish","type":"post","link":"https:\/\/colimdo.org\/noticias\/la-acd-nomina-grupo-15-periodistas-premios\/","title":{"rendered":"La ACD nomina un grupo de 15 periodistas a premios"},"content":{"rendered":"<p>SANTO DOMINGO.-\u00a0Un total de 15 profesionales de la comunicaci\u00f3n fueron nominados por la Asociaci\u00f3n de Cronistas Deportivos de Santo Domingo (ACD), con miras a recibir reconocimientos en la tradicional gala \u2018Excelencia Acedeista\u2019, cuya ceremonia ha sido programada para el 9 de julio a partir de la 12:00 del mediod\u00eda, en el sal\u00f3n La Fiesta del hotel Lina.<\/p>\n<p>El grupo incluye al personal de Listin Diario H\u00e9ctor J.Cruz, editor deportivo, y los reporteros Freddy Tapia y Alex Rodr\u00edguez.<\/p>\n<p>Adem\u00e1s, los cronistas Nathanael P\u00e9rez, H\u00e9ctor G\u00f3mez, Dionisio Soldevila, Yancen Pujols, Franklin Mirabal, Mart\u00edn Rodr\u00edguez, Ricardo Rodr\u00edguez, Juan Carlos Santana, V\u00edctor Calvo, Manolito Jim\u00e9nez, Adelaida Hern\u00e1ndez y William Aish. Ellos se disputar\u00e1n los honores durante la gala, que reconocer\u00e1 el trabajo que realizaron durante 2018.<\/p>\n<p>De estos quince profesionales se har\u00e1 una preselecci\u00f3n para reducir a 10 la cantidad, de cuyo grupo ser\u00e1n escogidos minutos antes los 7 que ser\u00e1n galardonados como mejores cronistas del pasado a\u00f1o, y de esos 7 el ganador a la excelencia del a\u00f1o, seg\u00fan inform\u00f3 el periodista Ram\u00f3n Cuello, presidente de la ACD, por medio de un despacho de prensa.<\/p>\n<p>Reconocimientos<br \/>\nLa gala Excelencia Acedeista de la ACD tambi\u00e9n rendir\u00e1 un homenaje a los veteranos profesionales del periodismo Miguel Franjul, director del List\u00edn Diario, Osvaldo Santana, director de El Caribe y Rolando Guante, \u00e9ste \u00faltimo columnista y redactor del vespertino El Nacional.<\/p>\n<p>Cuello resalt\u00f3 adem\u00e1s la ardua labor que, para la celebraci\u00f3n de la ceremonia, ha desplegando el Consejo Ejecutivo de la instituci\u00f3n que agrupa a los comunicadores deportivos de la capital, especializados en deporte.<\/p>\n<p>\u201cHemos trabajado arduamente con el objetivo de lograr montar una gala que est\u00e9 a la altura de las expectativas\u201d, se\u00f1al\u00f3 Cuello.<\/p>\n<p>Cuello resalt\u00f3 las cualidades de las figuras a ser reconocidas y asegur\u00f3 que para la instituci\u00f3n que preside \u201cconstituye un alto honor y satisfacci\u00f3n tener la oportunidad de homenajear a estos tres brillantes profesionales de la comunicaci\u00f3n\u201d.<\/p>\n<p>Con varios reconocimientos al m\u00e9rito de destacadas personalidades e instituciones, as\u00ed como un variado show de entretenimiento, la Asociaci\u00f3n de Cronistas Deportivos (ACD) celebr\u00f3 su tradicional ceremonial \u2018Atleta del A\u00f1o\u2019, cuya versi\u00f3n correspondiente a 2018, se realiz\u00f3 el pasado 25 de abril.<\/p>\n<p>Durante la gala hubo sendos reconocimientos a la Federaci\u00f3n Dominicana de Balonmano, franquicia de b\u00e9isbol profesional Estrellas orientales, actual campeona de la pelota oto\u00f1o-invernal criolla; as\u00ed como al doctor Carlos Lamarche.<\/p>\n<p>La instituci\u00f3n que agrupa a los cronistas deportivos premi\u00f3 el esfuerzo, trabajo y logros de los principales deportistas del pa\u00eds el a\u00f1o pasado.<\/p>\n<p>Siguientes10.<br \/>\nDe estos quince profesionales que han sido dados a conocer se har\u00e1 una preselecci\u00f3n para reducir a 10 la cantidad.<\/p>\n<p>Los mejores 7.<br \/>\nDe ese grupo de 10 ser\u00e1n escogidos minutos antes los siete que ser\u00e1n galardonados durante la gala de premiaci\u00f3n como mejores cronistas del pasado a\u00f1o.<\/p>\n<p>Excelencia. De esos siete premiados se seleccionar\u00e1 al ganador a la excelencia del a\u00f1o, seg\u00fan inform\u00f3 el periodista Ram\u00f3n Cuello, presidente de la ACD, .<\/p>\n","protected":false},"excerpt":{"rendered":"<p>Un total de 15 profesionales de la comunicaci\u00f3n fueron nominados por la Asociaci\u00f3n de Cronistas Deportivos de Santo Domingo (ACD).<\/p>\n","protected":false},"author":19,"featured_media":56594,"comment_status":"closed","ping_status":"closed","sticky":false,"template":"","format":"standard","meta":[],"categories":[2,60],"tags":[],"acf":[],"_links":{"self":[{"href":"https:\/\/colimdo.org\/wp-api\/wp\/v2\/posts\/56588"}],"collection":[{"href":"https:\/\/colimdo.org\/wp-api\/wp\/v2\/posts"}],"about":[{"href":"https:\/\/colimdo.org\/wp-api\/wp\/v2\/types\/post"}],"author":[{"embeddable":true,"href":"https:\/\/colimdo.org\/wp-api\/wp\/v2\/users\/19"}],"replies":[{"embeddable":true,"href":"https:\/\/colimdo.org\/wp-api\/wp\/v2\/comments?post=56588"}],"version-history":[{"count":2,"href":"https:\/\/colimdo.org\/wp-api\/wp\/v2\/posts\/56588\/revisions"}],"predecessor-version":[{"id":56595,"href":"https:\/\/colimdo.org\/wp-api\/wp\/v2\/posts\/56588\/revisions\/56595"}],"wp:featuredmedia":[{"embeddable":true,"href":"https:\/\/colimdo.org\/wp-api\/wp\/v2\/media\/56594"}],"wp:attachment":[{"href":"https:\/\/colimdo.org\/wp-api\/wp\/v2\/media?parent=56588"}],"wp:term":[{"taxonomy":"category","embeddable":true,"href":"https:\/\/colimdo.org\/wp-api\/wp\/v2\/categories?post=56588"},{"taxonomy":"post_tag","embeddable":true,"href":"https:\/\/colimdo.org\/wp-api\/wp\/v2\/tags?post=56588"}],"curies":[{"name":"wp","href":"https:\/\/api.w.org\/{rel}","templated":true}]}}