{"id":56604,"date":"2019-06-26T19:20:38","date_gmt":"2019-06-26T19:20:38","guid":{"rendered":"https:\/\/colimdo.org\/?p=56604"},"modified":"2019-06-26T19:20:38","modified_gmt":"2019-06-26T19:20:38","slug":"jornada-reforestacion-dara-inicio-dia-olimpico-nagua","status":"publish","type":"post","link":"https:\/\/colimdo.org\/noticias\/jornada-reforestacion-dara-inicio-dia-olimpico-nagua\/","title":{"rendered":"Jornada de reforestaci\u00f3n dar\u00e1 inicio a D\u00eda Ol\u00edmpico en Nagua"},"content":{"rendered":"<p class=\"x_ydp2fc5a266MsoNoSpacing\">SANTO DOMINGO. <span lang=\"ES-DO\">Con la jornada de reforestaci\u00f3n, se dar\u00e1 inicio este s\u00e1bado a la celebraci\u00f3n del D\u00eda Ol\u00edmpico en Nagua, provincia Mar\u00eda Trinidad S\u00e1nchez con el respaldo del programa Solidaridad Ol\u00edmpica. <\/span><\/p>\n<p class=\"x_ydp2fc5a266MsoNoSpacing\"><span lang=\"ES-DO\">El \u201cD\u00eda Ol\u00edmpico\u201d, organizado por el Comit\u00e9 Ol\u00edmpico Dominicano (COD), se llevar\u00e1 a cabo con motivo del 125 aniversario de fundado del Comit\u00e9 Ol\u00edmpico Internacional (COI).<\/span><\/p>\n<p class=\"x_ydp2fc5a266MsoNoSpacing\"><span lang=\"ES-DO\">La jornada de reforestaci\u00f3n, pautada para las 8:00 de la ma\u00f1ana de este s\u00e1bado, se realizar\u00e1 en el \u00e1rea de la Playa.<\/span><\/p>\n<p class=\"x_ydp2fc5a266MsoNoSpacing\"><span lang=\"ES-DO\">La segunda actividad del d\u00eda estar\u00e1 a cargo de la Comisi\u00f3n Mujer y Deportes, que realizar\u00e1 una charla en la sede de la Reposter\u00eda Angelita, de 10:30 de la ma\u00f1ana a 12:00 meridiano.<\/span><\/p>\n<p class=\"x_ydp2fc5a266MsoNoSpacing\"><span lang=\"ES-DO\">La Federaci\u00f3n Dominicana de Triatl\u00f3n, en coordinaci\u00f3n con la asociaci\u00f3n de esa disciplina de Nagua, celebrar\u00e1 el aquatl\u00f2n desde las 11:00 de la ma\u00f1ana a 3:00 de la tarde en el \u00e1rea de Playa, justo detr\u00e1s del Parque Juan Pablo Duarte.<\/span><\/p>\n<p class=\"x_ydp2fc5a266MsoNoSpacing\"><span lang=\"ES-DO\">El cierre del D\u00eda Ol\u00edmpico ser\u00e1 con la tradicional caminata, a las 3:00 de la tarde, partiendo del Parque Juan Pablo Duarte.<\/span><\/p>\n<p class=\"x_ydp2fc5a266MsoNoSpacing\"><span lang=\"ES-DO\">La celebraci\u00f3n comenzar\u00e1 desde el viernes con una jornada de capacitaci\u00f3n a cargo de la Academia Ol\u00edmpica, as\u00ed como diversas actividades deportivas con los deportes que se practican en la provincia.<\/span><\/p>\n<p class=\"x_ydp2fc5a266MsoNoSpacing\"><span lang=\"ES-DO\">El presidente de la Uni\u00f3n Deportiva de Nagua, Fidias David Garc\u00eda, dio a conocer la ruta cr\u00edtica de la actividad. \u201cTodo est\u00e1 listo para esta gran actividad que ha de generar mucha integraci\u00f3n y motivaci\u00f3n\u201d, se\u00f1al\u00f3.<\/span><\/p>\n","protected":false},"excerpt":{"rendered":"<p>Con la jornada de reforestaci\u00f3n, se dar\u00e1 inicio este s\u00e1bado a la celebraci\u00f3n del D\u00eda Ol\u00edmpico en Nagua, provincia Mar\u00eda Trinidad S\u00e1nchez con el respaldo del programa Solidaridad Ol\u00edmpica. <\/p>\n","protected":false},"author":19,"featured_media":56605,"comment_status":"closed","ping_status":"closed","sticky":false,"template":"","format":"standard","meta":[],"categories":[2,60],"tags":[],"acf":[],"_links":{"self":[{"href":"https:\/\/colimdo.org\/wp-api\/wp\/v2\/posts\/56604"}],"collection":[{"href":"https:\/\/colimdo.org\/wp-api\/wp\/v2\/posts"}],"about":[{"href":"https:\/\/colimdo.org\/wp-api\/wp\/v2\/types\/post"}],"author":[{"embeddable":true,"href":"https:\/\/colimdo.org\/wp-api\/wp\/v2\/users\/19"}],"replies":[{"embeddable":true,"href":"https:\/\/colimdo.org\/wp-api\/wp\/v2\/comments?post=56604"}],"version-history":[{"count":1,"href":"https:\/\/colimdo.org\/wp-api\/wp\/v2\/posts\/56604\/revisions"}],"predecessor-version":[{"id":56606,"href":"https:\/\/colimdo.org\/wp-api\/wp\/v2\/posts\/56604\/revisions\/56606"}],"wp:featuredmedia":[{"embeddable":true,"href":"https:\/\/colimdo.org\/wp-api\/wp\/v2\/media\/56605"}],"wp:attachment":[{"href":"https:\/\/colimdo.org\/wp-api\/wp\/v2\/media?parent=56604"}],"wp:term":[{"taxonomy":"category","embeddable":true,"href":"https:\/\/colimdo.org\/wp-api\/wp\/v2\/categories?post=56604"},{"taxonomy":"post_tag","embeddable":true,"href":"https:\/\/colimdo.org\/wp-api\/wp\/v2\/tags?post=56604"}],"curies":[{"name":"wp","href":"https:\/\/api.w.org\/{rel}","templated":true}]}}