{"id":56607,"date":"2019-06-26T23:56:21","date_gmt":"2019-06-26T23:56:21","guid":{"rendered":"https:\/\/colimdo.org\/?p=56607"},"modified":"2019-06-26T23:56:31","modified_gmt":"2019-06-26T23:56:31","slug":"profesores-educacion-fisica-reciben-medalla-al-merito-magisterial","status":"publish","type":"post","link":"https:\/\/colimdo.org\/noticias\/profesores-educacion-fisica-reciben-medalla-al-merito-magisterial\/","title":{"rendered":"Profesores de educaci\u00f3n f\u00edsica reciben medalla al m\u00e9rito magisterial"},"content":{"rendered":"<p><strong>SANTO DOMINGO<\/strong>. &#8211;\u00a0 El director ejecutivo del Instituto Nacional de Educaci\u00f3n F\u00edsica (INEFI), ingeniero Jorge Minaya, encabez\u00f3 este mi\u00e9rcoles el acto de premiaci\u00f3n con la Medalla al M\u00e9rito Magisterial a 18 profesores de las distintas regionales educativas del pa\u00eds.<\/p>\n<p>La actividad se desarroll\u00f3 en un hotel de la capital, donde tambi\u00e9n fueron reconocidos como Maestros de Siempre cinco profesores ya retirados de las aulas.<\/p>\n<p>Minaya fue acompa\u00f1ado en la mesa principal del viceministro de Deportes, An\u00edbal Portorreal, en representaci\u00f3n del ministro de esa entidad, Danilo D\u00edaz, as\u00ed como Niurka Herrera, directora de\u00a0Deporte\u00a0Escolar.<\/p>\n<p>Adem\u00e1s, los subdirectores del INEFI William Tapia, C\u00e9sar Ger\u00f3nimo y Rom\u00e1n Celedonio, y el director docente, Manuel Morel.<\/p>\n<p>Para la escogencia de los 18 galardonados fueron nominados m\u00e1s de 50 educadores, y se seleccion\u00f3 uno de cada regional para recibir la Medalla al M\u00e9rito Magisterial en Educaci\u00f3n F\u00edsica INEFI 2019.<\/p>\n<p>Esta selecci\u00f3n se hizo tomando en cuenta factores tales como a\u00f1os de servicio en el sector p\u00fablico, recomendaciones de los distritos y regionales educativas, adem\u00e1s del buen historial conductual y logros con sus alumnos, entre otros m\u00e9ritos.<\/p>\n<p>Minaya consider\u00f3 a la educaci\u00f3n f\u00edsica como las m\u00e1s importante de las materias que se imparten en los centros educativos, explicando que es la \u00fanica materia que puede cambiar a la sociedad.<\/p>\n<p>\u201cMuchas gracias por el trabajo que ustedes desempe\u00f1an y muchas gracias por el trabajo que hacen para la Rep\u00fablica Dominicana\u201d, expres\u00f3 a los maestros.<\/p>\n<p>En tanto que Morel exhort\u00f3 a los profesores a seguirse preparando y no desmayar en las aulas, \u201cLa educaci\u00f3n f\u00edsica somos nosotros\u201d, afirm\u00f3.<\/p>\n<p><strong>Los Ganadores<\/strong><\/p>\n<p>Por la regional 01 (Barahona) fue escogido Isidoro Sena Gonz\u00e1lez, de la 02 (San Juan de la Maguana) Juan Carlos Castillo Garc\u00eda, de la 03 (Azua) Weligton Josu\u00e9 Segura Alc\u00e1ntara, de la 04 (San Crist\u00f3bal) Jonathan Rainier Sierra Brujan, y de la 05 (San Pedro de Macor\u00eds) Jos\u00e9 Altagracia Rosario Gonz\u00e1lez.<\/p>\n<p>Mientras que por la regional 06 (La Vega) Fausto Junior Ure\u00f1a Ovalles, de la 07 (San Francisco de Macor\u00eds) Eric Estarlyn Espaillat Lantigua, de la 08 (Santiago), Jos\u00e9 Eulises Cruz Tatis, de la 09 (Valverde Mao) Daniel de Jes\u00fas Rosado Cruz, y de la 10 (Santo Domingo) Yadhara Rafaelina Gonz\u00e1lez de Espinal.<\/p>\n<p>En tanto que por la regional 11 (Puerto Plata) la ganadora fue Susan Silverio Bierd, de la 12 (Hig\u00fcey) F\u00e9lix Antonio Guti\u00e9rrez Morel, de la 13 (Monte Cristi) Hindary Dionilvia Nu\u00f1ez S\u00e1nchez, de la 14 (Nagua), Pedro F\u00e9lix Mercedes de la Rosa, y de la 15 (Distrito Nacional) Nora Constanza Rodr\u00edguez Jim\u00e9nez.<\/p>\n<p>Completan el n\u00famero de galardonados, Rafaela Regalado de Veras de la regional 16 (Cotu\u00ed), Gleni Altagracia Peralta L\u00f3pez, de la 17 (Monte Plata), y Wilson Alejandro Gonz\u00e1lez Santana, de la 18 (Neyba).<\/p>\n<p>Como Maestros de Siempre fueron reconocidos Juan Francisco Vargas Mateo, de la Regional 02 (San Juan de la Maguana); Arnold Fedor Lalane de los Santos, de la Regional 14 (Nagua); Ram\u00f3n Emilio Mej\u00edas Almonte, de la Regional 07 (San Francisco de Macor\u00eds); el exdirector de la antigua Direcci\u00f3n General de Educaci\u00f3n F\u00edsica (hoy INEFI) y de la Escuela Nacional de Educaci\u00f3n F\u00edsica (hoy dentro del ISFODOSU) Emigdio de Pe\u00f1a Luna.<\/p>\n<p>Tambi\u00e9n fue premiado Antonio Betances Sosa de la Regional 13 (Monte Cristi), que no pudo asistir y envi\u00f3 la representaci\u00f3n del director de la zona Noroeste, Atlas Osiris Sosa.<\/p>\n<p>\u201cSon Maestros de Siempre, porque son maestros de ayer, de hoy y del ma\u00f1ana, fueron nuestras luminarias cuando iniciamos en estos caminos de la educaci\u00f3n f\u00edsica\u201d, indic\u00f3 el subdirector de la instituci\u00f3n, William Tapia.<\/p>\n<p>Los reconocimientos fueron entregados por Jorge Minaya, William Tapia, C\u00e9sar Ger\u00f3nimo, Rom\u00e1n Celedonio, Manuel Morel, An\u00edbal Portorreal y Niurka Herrera.<\/p>\n<p><strong>La Ley<\/strong><\/p>\n<p>El premio al M\u00e9rito Magisterial en Educaci\u00f3n F\u00edsica est\u00e1 contemplado en la Ley de Educaci\u00f3n No. 66-97, la Ley del INEFI 33-98 y la 167-07.<\/p>\n<p>Adem\u00e1s, en el Decreto No. 421-00 que establece el reglamento del Estatuto Docente y en la Resoluci\u00f3n No. 1595-2006 que establece a junio como el \u201cMes del Reconocimiento a la Excelencia Magisterial\u201d, en su art\u00edculo tres.<\/p>\n","protected":false},"excerpt":{"rendered":"<p>Un total de 18 profesores de Educaci\u00f3n F\u00edsica y cinco Maestros de Siempre recibieron el homenaje este mi\u00e9rcoles en un emotivo acto.<\/p>\n","protected":false},"author":13,"featured_media":56608,"comment_status":"closed","ping_status":"closed","sticky":false,"template":"","format":"standard","meta":[],"categories":[2,60],"tags":[],"acf":[],"_links":{"self":[{"href":"https:\/\/colimdo.org\/wp-api\/wp\/v2\/posts\/56607"}],"collection":[{"href":"https:\/\/colimdo.org\/wp-api\/wp\/v2\/posts"}],"about":[{"href":"https:\/\/colimdo.org\/wp-api\/wp\/v2\/types\/post"}],"author":[{"embeddable":true,"href":"https:\/\/colimdo.org\/wp-api\/wp\/v2\/users\/13"}],"replies":[{"embeddable":true,"href":"https:\/\/colimdo.org\/wp-api\/wp\/v2\/comments?post=56607"}],"version-history":[{"count":1,"href":"https:\/\/colimdo.org\/wp-api\/wp\/v2\/posts\/56607\/revisions"}],"predecessor-version":[{"id":56609,"href":"https:\/\/colimdo.org\/wp-api\/wp\/v2\/posts\/56607\/revisions\/56609"}],"wp:featuredmedia":[{"embeddable":true,"href":"https:\/\/colimdo.org\/wp-api\/wp\/v2\/media\/56608"}],"wp:attachment":[{"href":"https:\/\/colimdo.org\/wp-api\/wp\/v2\/media?parent=56607"}],"wp:term":[{"taxonomy":"category","embeddable":true,"href":"https:\/\/colimdo.org\/wp-api\/wp\/v2\/categories?post=56607"},{"taxonomy":"post_tag","embeddable":true,"href":"https:\/\/colimdo.org\/wp-api\/wp\/v2\/tags?post=56607"}],"curies":[{"name":"wp","href":"https:\/\/api.w.org\/{rel}","templated":true}]}}