{"id":56610,"date":"2019-06-27T00:00:18","date_gmt":"2019-06-27T00:00:18","guid":{"rendered":"https:\/\/colimdo.org\/?p=56610"},"modified":"2019-06-27T00:00:39","modified_gmt":"2019-06-27T00:00:39","slug":"arqueros-ocho-paises-confirman-campeonato-desarrollo","status":"publish","type":"post","link":"https:\/\/colimdo.org\/noticias\/arqueros-ocho-paises-confirman-campeonato-desarrollo\/","title":{"rendered":"Arqueros de ocho pa\u00edses confirman para Campeonato de Desarrollo"},"content":{"rendered":"<p><strong>SANTO DOMINGO<\/strong>. Un total de 89 atletas procedente de ocho pa\u00edses tomar\u00e1n parte en el III Campeonato de Desarrollo de Tiro con Arco que se inaugura este viernes en el campo de Arquer\u00eda doctor Antonio Ortega del Complejo Parque del Este.<\/p>\n<p>El Campeonato, que adem\u00e1s tendr\u00e1 la participaci\u00f3n de 25 oficiales, est\u00e1 pautado para inaugurarse este viernes a las 12:00 del mediod\u00eda, seg\u00fan dio a conocer Jos\u00e9 Miguel Robiou, presidente de la Federaci\u00f3n Dominicana de Tiro con Arco (Fedota).<\/p>\n<p>\u201cLa log\u00edstica ya est\u00e1 montada y esperamos que sea un torneo con una alta nota competitiva\u201d, se\u00f1al\u00f3 Robiou.<\/p>\n<p>En el campeonato de Tiro con Arco, que se celebrar\u00e1 hasta este domingo, se competir\u00e1 en las distancias de 30 y 50 metros en las modalidades arco recurvo y arco compuesto.<\/p>\n<p>\u201cEl objetivo principal de este evento es el fomento y desarrollo del tiro con arco en la regi\u00f3n de Centroam\u00e9rica y el Caribe\u201d, manifest\u00f3 el presidente de la\u00a0Fedota.<\/p>\n<p>En el evento competitivo habr\u00e1 arqueros de Islas V\u00ecrgenes Brit\u00e1nicas, Colombia, Trinidad y Tobago, Guyana, Puerto Rico, Saint Kitts and Nevis, Barbados y Rep\u00fablica Dominicana.<\/p>\n<p>En la distancia de 30 metros tomar\u00e1n parte los arqueros de iniciaci\u00f3n o principiantes, mientras que en los 50 metros ver\u00e1n acci\u00f3n los atletas de desarrollo.<\/p>\n<p>En ambas distancias las competencias se realizar\u00e1n en las categor\u00edas arco recurvo y arco compuesto masculino y femenino infantil hasta 14 a\u00f1os, as\u00ed como en cadete 15-17 a\u00f1os.<\/p>\n<p>En arco recurvo y compuesto juvenil participar\u00e1n atletas de 18-20 a\u00f1os, mientras que en recurvo y compuesto masculino y femenino las competencias ser\u00e1n para arqueros desde los 21 a\u00f1os.<\/p>\n","protected":false},"excerpt":{"rendered":"<p>Un total de 19 atletas estar\u00e1n en acci\u00f3n en el certamen que arranca este viernes, desde las 9:00 de la ma\u00f1ana, en el Parque del Este.<\/p>\n","protected":false},"author":13,"featured_media":56611,"comment_status":"closed","ping_status":"closed","sticky":false,"template":"","format":"standard","meta":[],"categories":[2,60],"tags":[],"acf":[],"_links":{"self":[{"href":"https:\/\/colimdo.org\/wp-api\/wp\/v2\/posts\/56610"}],"collection":[{"href":"https:\/\/colimdo.org\/wp-api\/wp\/v2\/posts"}],"about":[{"href":"https:\/\/colimdo.org\/wp-api\/wp\/v2\/types\/post"}],"author":[{"embeddable":true,"href":"https:\/\/colimdo.org\/wp-api\/wp\/v2\/users\/13"}],"replies":[{"embeddable":true,"href":"https:\/\/colimdo.org\/wp-api\/wp\/v2\/comments?post=56610"}],"version-history":[{"count":1,"href":"https:\/\/colimdo.org\/wp-api\/wp\/v2\/posts\/56610\/revisions"}],"predecessor-version":[{"id":56612,"href":"https:\/\/colimdo.org\/wp-api\/wp\/v2\/posts\/56610\/revisions\/56612"}],"wp:featuredmedia":[{"embeddable":true,"href":"https:\/\/colimdo.org\/wp-api\/wp\/v2\/media\/56611"}],"wp:attachment":[{"href":"https:\/\/colimdo.org\/wp-api\/wp\/v2\/media?parent=56610"}],"wp:term":[{"taxonomy":"category","embeddable":true,"href":"https:\/\/colimdo.org\/wp-api\/wp\/v2\/categories?post=56610"},{"taxonomy":"post_tag","embeddable":true,"href":"https:\/\/colimdo.org\/wp-api\/wp\/v2\/tags?post=56610"}],"curies":[{"name":"wp","href":"https:\/\/api.w.org\/{rel}","templated":true}]}}