{"id":56617,"date":"2019-06-27T02:31:58","date_gmt":"2019-06-27T02:31:58","guid":{"rendered":"https:\/\/colimdo.org\/?p=56617"},"modified":"2019-06-27T02:31:58","modified_gmt":"2019-06-27T02:31:58","slug":"novak-djokovic-trato-llevar-la-presion-n1-del-mundo","status":"publish","type":"post","link":"https:\/\/colimdo.org\/noticias\/novak-djokovic-trato-llevar-la-presion-n1-del-mundo\/","title":{"rendered":"Novak Djokovic: &#8220;Trato de llevar la presi\u00f3n de ser el N\u00b01 del mundo&#8221;"},"content":{"rendered":"<p>ESPN. Afronta un nuevo y gran desaf\u00edo. Novak Djokovic, que hace un a\u00f1o lleg\u00f3 a Wimbledon fuera del Top 15 de la ATP, hoy lo hace como N\u00b01 del mundo. El serbio no pudo completar otra vez la serie de ganar cuatro Grand Slam consecutivos, con su ca\u00edda en semifinales de Roland Garros. Y previo a la cita de Londres, donde busca retener la corona de 2018, cuenta su situaci\u00f3n de cara al tercer Major de la temporada.<\/p>\n<p>&#8220;El t\u00edtulo del a\u00f1o pasado me cambi\u00f3 la vida y me devolvi\u00f3 toda la confianza. Desde ese momento todo sali\u00f3 muy bien; me permiti\u00f3 volver a disfrutar de este deporte y saber que pod\u00eda seguir haciendo grandes cosas&#8221;, asegur\u00f3 el serbio.<\/p>\n<p>En la \u00faltima d\u00e9cada, Djokovic apenas una vez, en 2016, se qued\u00f3 afuera de la segunda semana en Wimbledon, cuando ya su codo derecho le jugaba una mala pasada. &#8220;Los Grand Slam son mi m\u00e1xima prioridad en este momento de mi carrera, as\u00ed que la motivaci\u00f3n es alta. Trato de llevar de la mejor manera la presi\u00f3n de ser el N\u00b01 del mundo. Eso conlleva una gran responsabilidad&#8221;, admiti\u00f3.<\/p>\n<p>Djokovic quiso encadenar cuatro Grand Slams en fila en Par\u00eds y ser el primer hombre en toda la historia del tenis capaz de ganar dos veces cada uno de los cuatro grandes eventos. Pero no pudo ante el austr\u00edaco Dominic Thiem y ahora prepara el asalto al c\u00e9sped del All England Lawn Tennis Club en la exhibici\u00f3n The Boodles, donde ya super\u00f3 al chileno Cristian Gar\u00edn y cedi\u00f3 a manos del canadiense Denis Shapovalov.<\/p>\n<p>&#8220;Lo que ocurri\u00f3 en este torneo el a\u00f1o pasado fue un gran punto de inflexi\u00f3n en mi carrera. Hab\u00eda estado fuera del Top 20, me hab\u00eda recuperado de una lesi\u00f3n complicada en el codo que me hizo pasar por el quir\u00f3fano y ser capaz de ganar el t\u00edtulo lo cambi\u00f3 todo&#8221;. coment\u00f3.<\/p>\n<p>Llega la tradicional cita en La Catedral y el serbio es otra vez candidato, el principal favorito en las casas de apuestas. Lo siguen el suizo Roger Federer y el espa\u00f1ol Rafael Nadal.<\/p>\n<aside class=\"inline inline-photo full\">\n<figure><picture><source srcset=\"https:\/\/a.espncdn.com\/combiner\/i?img=%2Fphoto%2F2019%2F0626%2Fr562298_1296x729_16%2D9.jpg&amp;w=570&amp;format=jpg, https:\/\/a.espncdn.com\/combiner\/i?img=%2Fphoto%2F2019%2F0626%2Fr562298_1296x729_16%2D9.jpg&amp;w=1140&amp;cquality=40&amp;format=jpg 2x\" media=\"(min-width: 376px)\" data-srcset=\"https:\/\/a.espncdn.com\/combiner\/i?img=%2Fphoto%2F2019%2F0626%2Fr562298_1296x729_16%2D9.jpg&amp;w=570&amp;format=jpg, https:\/\/a.espncdn.com\/combiner\/i?img=%2Fphoto%2F2019%2F0626%2Fr562298_1296x729_16%2D9.jpg&amp;w=1140&amp;cquality=40&amp;format=jpg 2x\" \/><source srcset=\"https:\/\/a.espncdn.com\/combiner\/i?img=%2Fphoto%2F2019%2F0626%2Fr562298_1296x729_16%2D9.jpg&amp;w=375, https:\/\/a.espncdn.com\/combiner\/i?img=%2Fphoto%2F2019%2F0626%2Fr562298_1296x729_16%2D9.jpg&amp;w=750&amp;cquality=40&amp;format=jpg 2x\" media=\"(max-width: 375px)\" data-srcset=\"https:\/\/a.espncdn.com\/combiner\/i?img=%2Fphoto%2F2019%2F0626%2Fr562298_1296x729_16%2D9.jpg&amp;w=375, https:\/\/a.espncdn.com\/combiner\/i?img=%2Fphoto%2F2019%2F0626%2Fr562298_1296x729_16%2D9.jpg&amp;w=750&amp;cquality=40&amp;format=jpg 2x\" \/><\/picture><\/figure>\n<\/aside>\n","protected":false},"excerpt":{"rendered":"<p>Novak Djokovic, que hace un a\u00f1o lleg\u00f3 a Wimbledon fuera del Top 15 de la ATP, hoy lo hace como N\u00b01 del mundo.<\/p>\n","protected":false},"author":16,"featured_media":56618,"comment_status":"closed","ping_status":"closed","sticky":false,"template":"","format":"standard","meta":[],"categories":[2,60],"tags":[],"acf":[],"_links":{"self":[{"href":"https:\/\/colimdo.org\/wp-api\/wp\/v2\/posts\/56617"}],"collection":[{"href":"https:\/\/colimdo.org\/wp-api\/wp\/v2\/posts"}],"about":[{"href":"https:\/\/colimdo.org\/wp-api\/wp\/v2\/types\/post"}],"author":[{"embeddable":true,"href":"https:\/\/colimdo.org\/wp-api\/wp\/v2\/users\/16"}],"replies":[{"embeddable":true,"href":"https:\/\/colimdo.org\/wp-api\/wp\/v2\/comments?post=56617"}],"version-history":[{"count":1,"href":"https:\/\/colimdo.org\/wp-api\/wp\/v2\/posts\/56617\/revisions"}],"predecessor-version":[{"id":56619,"href":"https:\/\/colimdo.org\/wp-api\/wp\/v2\/posts\/56617\/revisions\/56619"}],"wp:featuredmedia":[{"embeddable":true,"href":"https:\/\/colimdo.org\/wp-api\/wp\/v2\/media\/56618"}],"wp:attachment":[{"href":"https:\/\/colimdo.org\/wp-api\/wp\/v2\/media?parent=56617"}],"wp:term":[{"taxonomy":"category","embeddable":true,"href":"https:\/\/colimdo.org\/wp-api\/wp\/v2\/categories?post=56617"},{"taxonomy":"post_tag","embeddable":true,"href":"https:\/\/colimdo.org\/wp-api\/wp\/v2\/tags?post=56617"}],"curies":[{"name":"wp","href":"https:\/\/api.w.org\/{rel}","templated":true}]}}