{"id":56629,"date":"2019-06-27T02:52:30","date_gmt":"2019-06-27T02:52:30","guid":{"rendered":"https:\/\/colimdo.org\/?p=56629"},"modified":"2019-06-27T02:52:30","modified_gmt":"2019-06-27T02:52:30","slug":"club-ruben-espino-anuncia-torneo-baloncesto-superior-refuerzos","status":"publish","type":"post","link":"https:\/\/colimdo.org\/noticias\/club-ruben-espino-anuncia-torneo-baloncesto-superior-refuerzos\/","title":{"rendered":"Club Rub\u00e9n Espino anuncia su torneo de baloncesto superior con refuerzos"},"content":{"rendered":"<p>SANTIAGO.- El comit\u00e9 ejecutivo del Club Rub\u00e9n Espino, anunci\u00f3 con bombos para el pr\u00f3ximo el 28 de este mes \u00a0la inauguraci\u00f3n del X Torneo de Baloncesto Superior con refuerzos, el cual est\u00e1 dedicado a Bernardo Col\u00f3n.<\/p>\n<p>Rafael Espinal, presidente del Club Rub\u00e9n Espino encabez\u00f3 la rueda de prensa donde fue presentado el torneo y que fue realizada en el sal\u00f3n de eventos de dicha instituci\u00f3n, ubicada en el sector Los Salados.<\/p>\n<p>Adem\u00e1s de Espinal, la mesa de honor estuvo compuesta por Juan Cruz, director de recursos humanos de Baltimore Dominicana; Salvador Allende Germos\u00e9n, presidente comit\u00e9 organizador; Francisco Alberto, comisario y enlace entre el torneo y la Asociaci\u00f3n de Baloncesto de Santiago (Abasaca).<\/p>\n<p>Tambi\u00e9n estuvieron presente el Coronel de la Polic\u00eda Nacional Edison Cabrera; Juli\u00e1n Sandoval, presidente junta de vecinos Acci\u00f3n Barrial; Rafael Jorge, presidente comisi\u00f3n de disciplina y Alejandro Mu\u00f1oz, director t\u00e9cnico.<\/p>\n<p>El torneo contar\u00e1 con la participaci\u00f3n de los equipos, \u201cCorillo de la 5\u201d, \u201cEquipo Rojo\u201d, \u201cTo Team Si Si\u201d y \u201cBloke 4\u201d, que defender\u00e1n el t\u00edtulo de campe\u00f3n. El torneo ser\u00e1 con refuerzos \u201cabiertos\u201d, lo que ser\u00e1 un atractivo m\u00e1s para la ferviente fanaticada que sigue las incidencias del campeonato.<\/p>\n<p>El pr\u00f3ximo viernes 28, desde las 7:30 de la noche, en el Techado del Club Rub\u00e9n Espino, iniciar\u00e1 la doble jornada inaugural, se jugar\u00e1 los d\u00edas mi\u00e9rcoles, viernes y s\u00e1bados.<\/p>\n","protected":false},"excerpt":{"rendered":"<p>Rafael Espinal, presidente del Club Rub\u00e9n Espino encabez\u00f3 la rueda de prensa donde fue presentado el torneo y que fue realizada en el sal\u00f3n de eventos de dicha instituci\u00f3n, ubicada en el sector Los Salados.<\/p>\n","protected":false},"author":16,"featured_media":56630,"comment_status":"closed","ping_status":"closed","sticky":false,"template":"","format":"standard","meta":[],"categories":[2,60],"tags":[],"acf":[],"_links":{"self":[{"href":"https:\/\/colimdo.org\/wp-api\/wp\/v2\/posts\/56629"}],"collection":[{"href":"https:\/\/colimdo.org\/wp-api\/wp\/v2\/posts"}],"about":[{"href":"https:\/\/colimdo.org\/wp-api\/wp\/v2\/types\/post"}],"author":[{"embeddable":true,"href":"https:\/\/colimdo.org\/wp-api\/wp\/v2\/users\/16"}],"replies":[{"embeddable":true,"href":"https:\/\/colimdo.org\/wp-api\/wp\/v2\/comments?post=56629"}],"version-history":[{"count":1,"href":"https:\/\/colimdo.org\/wp-api\/wp\/v2\/posts\/56629\/revisions"}],"predecessor-version":[{"id":56631,"href":"https:\/\/colimdo.org\/wp-api\/wp\/v2\/posts\/56629\/revisions\/56631"}],"wp:featuredmedia":[{"embeddable":true,"href":"https:\/\/colimdo.org\/wp-api\/wp\/v2\/media\/56630"}],"wp:attachment":[{"href":"https:\/\/colimdo.org\/wp-api\/wp\/v2\/media?parent=56629"}],"wp:term":[{"taxonomy":"category","embeddable":true,"href":"https:\/\/colimdo.org\/wp-api\/wp\/v2\/categories?post=56629"},{"taxonomy":"post_tag","embeddable":true,"href":"https:\/\/colimdo.org\/wp-api\/wp\/v2\/tags?post=56629"}],"curies":[{"name":"wp","href":"https:\/\/api.w.org\/{rel}","templated":true}]}}