{"id":56638,"date":"2019-06-27T03:12:03","date_gmt":"2019-06-27T03:12:03","guid":{"rendered":"https:\/\/colimdo.org\/?p=56638"},"modified":"2019-06-27T03:12:03","modified_gmt":"2019-06-27T03:12:03","slug":"ofrecen-recepcion-seleccion-baloncesto-u-16","status":"publish","type":"post","link":"https:\/\/colimdo.org\/noticias\/ofrecen-recepcion-seleccion-baloncesto-u-16\/","title":{"rendered":"Ofrecen recepci\u00f3n a selecci\u00f3n de baloncesto U-16"},"content":{"rendered":"<p>SANTO DOMINGO.-\u00a0 \u201cSi\u00e9ntanse felices, si\u00e9ntanse orgullosos; el pa\u00eds est\u00e1 muy contento con ustedes, mant\u00e9nganse as\u00ed, humildes, comprometidos con nuestro pa\u00eds y dando lo mejor de s\u00ed\u201d. Con esas palabras termin\u00f3 su discurso el ministro de Deportes \u00a0y Recreaci\u00f3n Danilo D\u00edaz, cuando este mi\u00e9rcoles ofreci\u00f3 una recepci\u00f3n a la selecci\u00f3n nacional de baloncesto U-16, que reci\u00e9n logr\u00f3 la clasificaci\u00f3n al Mundial U-17 a disputarse en 2020 en Bulgaria, pa\u00eds del este de Europa.<\/p>\n<p>El ejecutivo del deporte oficial en el pa\u00eds habl\u00f3 luego del presidente de la Federaci\u00f3n de Baloncesto, Rafael Uribe; quien explic\u00f3 la dimensi\u00f3n del proyecto, con m\u00e1s de 3,000 jugadores del pa\u00eds del nivel U-14, que comenz\u00f3 el a\u00f1o pasado con las 32 provincias, que fue de donde sali\u00f3 este equipo, adem\u00e1s de destacar el apoyo que ofrece el Ministerio.<\/p>\n<p>Tambi\u00e9n le precedi\u00f3 el entrenador, Jos\u00e9 \u2013Ma\u00edta- Mercedes, quien explic\u00f3 la entrega y lo aguerrido de este colectivo, que en inferioridad de estatura y corpulencia en el Panamericano en Brasil, derrot\u00f3 a M\u00e9xico, Argentina (perdi\u00f3 de Estados Unidos), al anfitri\u00f3n con el respaldo de 4,000 espectadores, y de nuevo a Argentina, para lograr la medalla de Bronce y hacer lo que solo Estados Unidos y Canad\u00e1 hab\u00edan logrado en el Continente: clasificar al Mundial.<\/p>\n<p>\u201cNos sentimos orgullosos de cada uno de ustedes, por la haza\u00f1a que han logrado, por lo alto que han puesto el nombre del pa\u00eds\u201d, expres\u00f3 el licenciado D\u00edaz, quien estuvo acompa\u00f1ado del viceministro de Deportes Federados, Enmanuel Trinidad; el presidente de la Asociaci\u00f3n de Baloncesto del Distrito, Fernando Teruel; el directot T\u00e9cnico del Miderac Tony Mesa, el t\u00e9cnico de la Federaci\u00f3n Melvin L\u00f3pez y Junior P\u00e1ez, director Administrativo de la Fedombal.<\/p>\n<p>Acot\u00f3 el ministro que los chicos toman el testigo de dos figuras\u00a0 sobresalientes en la NBA (en referencia a Al Hortford y a Karl-Anthony Towns) en la Liga profesional de Estados Unidos), a quienes se les da seguimiento y en la voz de ellos nos est\u00e1n haciendo sentir como naci\u00f3n.<\/p>\n<p>Elogi\u00f3 el proyecto que lleva a cabo la Federaci\u00f3n y refiri\u00f3 la importancia que tiene para el pa\u00eds el baloncesto, del que dijo es el deporte que m\u00e1s se practica, porque tiene la mayor cantidad de instalaciones, especialmente en todas las escuelas del pa\u00eds.<\/p>\n<p>Record\u00f3 que desde hace seis a\u00f1os, se han construido m\u00e1s escuelas en el pa\u00eds -para la tanda extendida-, que en el resto de la historia, desde la Independencia en 1844 hasta 2012 y que todas esas construcciones tienen una cancha, que sumadas a las de los clubes, da al baloncesto la categor\u00eda del deporte que m\u00e1s se practica en la Rep\u00fablica Dominicana.<\/p>\n<p>Al agasajo asistieron ocho de los 12 jugadores que integran el equipo y que asistir\u00e1n al Mundial de Bulgaria. Tres de los ausentes tienen compromisos internacionales, incluido el l\u00edder en puntos Jean Montero (Distrito Nacional), primer dominicano en quedar en un quinteto \u201cTodo Estrella\u201d del Panamericano.<\/p>\n<p>Los asistentes fueron Bready Garc\u00eda (nativo de La Romana), Luis Pe\u00f1a (Higuey), Silvano Grull\u00f3n (Santiago), Hu\u00e1scar Cuevas (Distrito Nacional), Anderson Silverio (Santo Domingo), Johansen Infante (DN), Edinson G\u00f3mez (Santiago) y Nomar Tejada (La Romana). Los restantes ausentes son \u00c1ngel Mont\u00e1s (La Romana), Alex Ventura (Puerto Plata) y Jean Franco Far\u00eda (residente en Estados Unidos).<\/p>\n<p>Con Jos\u00e9 \u2013Ma\u00edta- Mercedes, sus asistentes Jonathan Matos (Moca), Adonis Pascual (La Vega), Carlos Mont\u00e1s (DN), Jefry Amarante (DN) y ausentes Reynaldo Matos (videos) y Eliezer Lev\u00edn. (preparador f\u00edsico).<\/p>\n<div class=\"wpcnt\"><\/div>\n","protected":false},"excerpt":{"rendered":"<p>El ministro de Deportes \u00a0y Recreaci\u00f3n Danilo D\u00edaz, ofreci\u00f3 este mi\u00e9rcoles una recepci\u00f3n a la selecci\u00f3n nacional de baloncesto U-16.<\/p>\n","protected":false},"author":16,"featured_media":56639,"comment_status":"closed","ping_status":"closed","sticky":false,"template":"","format":"standard","meta":[],"categories":[2,60],"tags":[],"acf":[],"_links":{"self":[{"href":"https:\/\/colimdo.org\/wp-api\/wp\/v2\/posts\/56638"}],"collection":[{"href":"https:\/\/colimdo.org\/wp-api\/wp\/v2\/posts"}],"about":[{"href":"https:\/\/colimdo.org\/wp-api\/wp\/v2\/types\/post"}],"author":[{"embeddable":true,"href":"https:\/\/colimdo.org\/wp-api\/wp\/v2\/users\/16"}],"replies":[{"embeddable":true,"href":"https:\/\/colimdo.org\/wp-api\/wp\/v2\/comments?post=56638"}],"version-history":[{"count":1,"href":"https:\/\/colimdo.org\/wp-api\/wp\/v2\/posts\/56638\/revisions"}],"predecessor-version":[{"id":56640,"href":"https:\/\/colimdo.org\/wp-api\/wp\/v2\/posts\/56638\/revisions\/56640"}],"wp:featuredmedia":[{"embeddable":true,"href":"https:\/\/colimdo.org\/wp-api\/wp\/v2\/media\/56639"}],"wp:attachment":[{"href":"https:\/\/colimdo.org\/wp-api\/wp\/v2\/media?parent=56638"}],"wp:term":[{"taxonomy":"category","embeddable":true,"href":"https:\/\/colimdo.org\/wp-api\/wp\/v2\/categories?post=56638"},{"taxonomy":"post_tag","embeddable":true,"href":"https:\/\/colimdo.org\/wp-api\/wp\/v2\/tags?post=56638"}],"curies":[{"name":"wp","href":"https:\/\/api.w.org\/{rel}","templated":true}]}}