{"id":56683,"date":"2019-06-27T18:15:41","date_gmt":"2019-06-27T18:15:41","guid":{"rendered":"https:\/\/colimdo.org\/?p=56683"},"modified":"2019-06-27T18:15:54","modified_gmt":"2019-06-27T18:15:54","slug":"asociacion-judo-provincia-duarte-gana-torneo-invitacional-infantil","status":"publish","type":"post","link":"https:\/\/colimdo.org\/noticias\/asociacion-judo-provincia-duarte-gana-torneo-invitacional-infantil\/","title":{"rendered":"Asociaci\u00f3n judo provincia Duarte gana torneo invitacional infantil"},"content":{"rendered":"<p><strong>SANTO DOMINGO<\/strong>. La Asociaci\u00f3n de Judo de la provincia Duarte obtuvo el primer lugar Torneo Invitacional de Judo infantil, cadete y junior celebrado en la sede del club San Mart\u00edn.<\/p>\n<p>Los judocas de la provincia Duarte hicieron valer su condici\u00f3n de locales al adjudicarse un total de 30 medallas, incluidas 14 de oro, 10 de plata y seis de bronce.<\/p>\n<p>El segundo lugar qued\u00f3 en manos de la representaci\u00f3n de la asociaci\u00f3n de judo de Monse\u00f1or Nouel, que acapar\u00f3 cuatro preseas de oro, dos de plata y cuatro de bronce.<\/p>\n<p>El trofeo de tercer puesto lo obtuvo el equipo de Mar\u00eda Trinidad S\u00e1nchez, con un metal dorado, tres de plata e igual cantidad de bronce, mientras que el cuarto pelda\u00f1o fue para La Vega, con una medalla de oro y tres de plata. En quinto lugar qued\u00f3 la asociaci\u00f3n de judo de Espaillat, con dos medallas de plata y par de bronce.<\/p>\n<p>El Torneo Invitacional de Judo fue organizado por la Asociaci\u00f3n de esa disciplina de la provincia Duarte, con el aval de la Federaci\u00f3n Dominicana de Judo (Fedojudo).<\/p>\n<p>El certamen cont\u00f3 con la participaci\u00f3n de atletas de las Asociaciones de Judo de Monse\u00f1or Nouel, Mar\u00eda Trinidad S\u00e1nchez, La Vega, Espaillat y Duarte, como anfitriona.<\/p>\n<p><strong>Entrega utiler\u00eda de judo<\/strong><\/p>\n<p>Previo a la celebraci\u00f3n del torneo invitacional, el viceministro de Deportes, licenciado Enmanuel Trinidad P., entreg\u00f3 utiler\u00eda a los directivos de la Asociaci\u00f3n de Judo de la provincia Duarte.<\/p>\n<p>Trinidad entreg\u00f3 las colchonetas a Carlos Celestino, presidente de la Asociaci\u00f3n de Judo de la provincia Duarte.<\/p>\n<p>En el acto estuvieron adem\u00e1s el licenciado Gilberto Garc\u00eda, presidente de la Fedojudo, as\u00ed como el ingeniero Wilgen Brito, director provincial de deportes.<\/p>\n","protected":false},"excerpt":{"rendered":"<p>El segundo lugar, con un total de 10 medallas, recay\u00f3 sobre la provincia Monse\u00f1or Nouel, mientras que Mar\u00eda Trinidad S\u00e1nchez ocup\u00f3 el tercer pelda\u00f1o.<\/p>\n","protected":false},"author":13,"featured_media":56684,"comment_status":"closed","ping_status":"closed","sticky":false,"template":"","format":"standard","meta":[],"categories":[2,60],"tags":[],"acf":[],"_links":{"self":[{"href":"https:\/\/colimdo.org\/wp-api\/wp\/v2\/posts\/56683"}],"collection":[{"href":"https:\/\/colimdo.org\/wp-api\/wp\/v2\/posts"}],"about":[{"href":"https:\/\/colimdo.org\/wp-api\/wp\/v2\/types\/post"}],"author":[{"embeddable":true,"href":"https:\/\/colimdo.org\/wp-api\/wp\/v2\/users\/13"}],"replies":[{"embeddable":true,"href":"https:\/\/colimdo.org\/wp-api\/wp\/v2\/comments?post=56683"}],"version-history":[{"count":1,"href":"https:\/\/colimdo.org\/wp-api\/wp\/v2\/posts\/56683\/revisions"}],"predecessor-version":[{"id":56685,"href":"https:\/\/colimdo.org\/wp-api\/wp\/v2\/posts\/56683\/revisions\/56685"}],"wp:featuredmedia":[{"embeddable":true,"href":"https:\/\/colimdo.org\/wp-api\/wp\/v2\/media\/56684"}],"wp:attachment":[{"href":"https:\/\/colimdo.org\/wp-api\/wp\/v2\/media?parent=56683"}],"wp:term":[{"taxonomy":"category","embeddable":true,"href":"https:\/\/colimdo.org\/wp-api\/wp\/v2\/categories?post=56683"},{"taxonomy":"post_tag","embeddable":true,"href":"https:\/\/colimdo.org\/wp-api\/wp\/v2\/tags?post=56683"}],"curies":[{"name":"wp","href":"https:\/\/api.w.org\/{rel}","templated":true}]}}