{"id":56686,"date":"2019-06-27T23:55:43","date_gmt":"2019-06-27T23:55:43","guid":{"rendered":"https:\/\/colimdo.org\/?p=56686"},"modified":"2019-06-27T23:55:56","modified_gmt":"2019-06-27T23:55:56","slug":"haran-primer-clasico-atletismo-jaime-david-fernandez-mirabal","status":"publish","type":"post","link":"https:\/\/colimdo.org\/noticias\/haran-primer-clasico-atletismo-jaime-david-fernandez-mirabal\/","title":{"rendered":"Har\u00e1n primer Cl\u00e1sico Atletismo Jaime David Fern\u00e1ndez Mirabal"},"content":{"rendered":"<p>La Federaci\u00f3n Dominicana de Atletismo anunci\u00f3 la celebraci\u00f3n para ma\u00f1ana s\u00e1bado desde las nueve de la ma\u00f1ana del Primer Cl\u00e1sico de Atletismo en Edad Escolar, dedicado al ex-Ministro de Deportes, doctor Jaime David Fern\u00e1ndez Mirabal, donde accionar\u00e1n los mejores 308 atletas en las categor\u00edas Sub-16 y Sub-18.<\/p>\n<p>Al dar a conocer la informaci\u00f3n, el presidente de la Federaci\u00f3n de Atletismo, Gerardo Suero Correa, declar\u00f3 que el Comit\u00e9 Ejecutivo decidi\u00f3 honrar al ex-titular de Deportes con ese evento que se har\u00e1 cada a\u00f1o para esta misma fecha en el Estadio Ol\u00edmpico.<\/p>\n<p>&#8220;Honrar, honra, adem\u00e1s, este a\u00f1o tendremos una provincia invitada y hemos escogido a la Hermanas Mirabal&#8221;, dijo Suero. Adujo que los ganadores recibir\u00e1n bonos en premios, as\u00ed como ropa de la marca Puma.<\/p>\n<p>Dijo Correa que los atletas de todas las provincias del pa\u00eds estar\u00e1n llegando hoy viernes a Santo Domingo.<\/p>\n<p>Adujo que ese Primer Cl\u00e1sico de Atletismo en edad escolar Jaime David Fern\u00e1ndez Mirabal es el producto de todos los talentos surgidos en los Campeonatos Regionales desde febrero pasado hasta el mes de mayo \u00faltimo.<\/p>\n<p>Se competir\u00e1 en los 100, 200, 400 y 800 metros, as\u00ed como en Salto Alto, impulso de la Bala, y la Jabalina.<\/p>\n","protected":false},"excerpt":{"rendered":"<p>En el certamen, que se celebrar\u00e1 este s\u00e1bado desde las 9:00 de la ma\u00f1ana en el Centro Ol\u00edmpico, participar\u00e1n 308 atletas de todo el pa\u00eds.<\/p>\n","protected":false},"author":13,"featured_media":56687,"comment_status":"closed","ping_status":"closed","sticky":false,"template":"","format":"standard","meta":[],"categories":[2,60],"tags":[],"acf":[],"_links":{"self":[{"href":"https:\/\/colimdo.org\/wp-api\/wp\/v2\/posts\/56686"}],"collection":[{"href":"https:\/\/colimdo.org\/wp-api\/wp\/v2\/posts"}],"about":[{"href":"https:\/\/colimdo.org\/wp-api\/wp\/v2\/types\/post"}],"author":[{"embeddable":true,"href":"https:\/\/colimdo.org\/wp-api\/wp\/v2\/users\/13"}],"replies":[{"embeddable":true,"href":"https:\/\/colimdo.org\/wp-api\/wp\/v2\/comments?post=56686"}],"version-history":[{"count":1,"href":"https:\/\/colimdo.org\/wp-api\/wp\/v2\/posts\/56686\/revisions"}],"predecessor-version":[{"id":56688,"href":"https:\/\/colimdo.org\/wp-api\/wp\/v2\/posts\/56686\/revisions\/56688"}],"wp:featuredmedia":[{"embeddable":true,"href":"https:\/\/colimdo.org\/wp-api\/wp\/v2\/media\/56687"}],"wp:attachment":[{"href":"https:\/\/colimdo.org\/wp-api\/wp\/v2\/media?parent=56686"}],"wp:term":[{"taxonomy":"category","embeddable":true,"href":"https:\/\/colimdo.org\/wp-api\/wp\/v2\/categories?post=56686"},{"taxonomy":"post_tag","embeddable":true,"href":"https:\/\/colimdo.org\/wp-api\/wp\/v2\/tags?post=56686"}],"curies":[{"name":"wp","href":"https:\/\/api.w.org\/{rel}","templated":true}]}}