{"id":56689,"date":"2019-06-28T00:00:14","date_gmt":"2019-06-28T00:00:14","guid":{"rendered":"https:\/\/colimdo.org\/?p=56689"},"modified":"2019-06-28T00:00:21","modified_gmt":"2019-06-28T00:00:21","slug":"campeonato-desarrollo-tiro-arco-inicia-este-viernes","status":"publish","type":"post","link":"https:\/\/colimdo.org\/noticias\/campeonato-desarrollo-tiro-arco-inicia-este-viernes\/","title":{"rendered":"Campeonato de Desarrollo de Tiro con Arco inicia este viernes"},"content":{"rendered":"<p><strong>SANTO DOMINGO<\/strong><span style=\"font-style: inherit; font-weight: inherit;\">.\u00a0<\/span><span style=\"font-style: inherit; font-weight: inherit;\">Arqueros de ocho pa\u00edses estar\u00e1n en acci\u00f3n desde las 9:00 de la ma\u00f1ana de este viernes en el\u00a0<\/span><span style=\"font-style: inherit; font-weight: inherit;\">III Campeonato de Desarrollo de Tiro con Arco, cuya ceremonia de inauguraci\u00f3n ser\u00e1 a las 12:00 del mediod\u00eda en el campo de Arquer\u00eda doctor Antonio Ortega del Complejo Parque del Este.<\/span><\/p>\n<p><span style=\"font-style: inherit; font-weight: inherit;\">Un total de 89 atletas procedente de ocho pa\u00edses se aprestan a mostrar sus respectivos progresos en las diferentes modalidades del deporte de Tiro con Arco.\u00a0<\/span><\/p>\n<p><span style=\"font-style: inherit; font-weight: inherit;\">El Campeonato, que adem\u00e1s tendr\u00e1 la participaci\u00f3n de 25 oficiales, est\u00e1 pautado para inaugurarse este viernes a las 12:00 del mediod\u00eda, seg\u00fan dio a conocer Jos\u00e9 Miguel Robiou, presidente de la Federaci\u00f3n Dominicana de Tiro con Arco (Fedota).<\/span><\/p>\n<p><span style=\"font-style: inherit; font-weight: inherit;\">\u201cLa log\u00edstica ya est\u00e1 montada y esperamos que sea un torneo con una alta nota competitiva\u201d, se\u00f1al\u00f3 Robiou.<\/span><\/p>\n<p><span style=\"font-style: inherit; font-weight: inherit;\">En el campeonato de Tiro con Arco, que se celebrar\u00e1 hasta este domingo, se competir\u00e1 en las distancias de 30 y 50 metros en las modalidades arco recurvo y arco compuesto.<\/span><\/p>\n<p><span style=\"font-style: inherit; font-weight: inherit;\">\u201cEl objetivo principal de este evento es el fomento y desarrollo del tiro con arco en la regi\u00f3n de Centroam\u00e9rica y el Caribe\u201d, manifest\u00f3 el presidente de la\u00a0Fedota.<\/span><\/p>\n<p><span style=\"font-style: inherit; font-weight: inherit;\">En el evento competitivo habr\u00e1 arqueros de Islas V\u00ecrgenes Brit\u00e1nicas, Colombia, Trinidad y Tobago, Guyana, Puerto Rico, Saint Kitts and Nevis, Barbados y Rep\u00fablica Dominicana.<\/span><\/p>\n<p><span style=\"font-style: inherit; font-weight: inherit;\">En la distancia de 30 metros tomar\u00e1n parte los arqueros de iniciaci\u00f3n o principiantes, mientras que en los 50 metros ver\u00e1n acci\u00f3n los atletas de desarrollo.<\/span><\/p>\n<p><span style=\"font-style: inherit; font-weight: inherit;\">En ambas distancias las competencias se realizar\u00e1n en las categor\u00edas arco recurvo y arco compuesto masculino y femenino infantil hasta 14 a\u00f1os, as\u00ed como en cadete 15-17 a\u00f1os.<\/span><\/p>\n<p><span style=\"font-style: inherit; font-weight: inherit;\">En arco recurvo y compuesto juvenil participar\u00e1n atletas de 18-20 a\u00f1os, mientras que en recurvo y compuesto masculino y femenino las competencias ser\u00e1n para arqueros desde los 21 a\u00f1os.<\/span><\/p>\n","protected":false},"excerpt":{"rendered":"<p>Las competencias arrancan desde las 9:00 de la ma\u00f1ana, mientras que la ceremonia de inauguraci\u00f3n se llevar\u00e1 a cabo a las 12:00 del mediod\u00eda.<\/p>\n","protected":false},"author":13,"featured_media":56690,"comment_status":"closed","ping_status":"closed","sticky":false,"template":"","format":"standard","meta":[],"categories":[2,60],"tags":[],"acf":[],"_links":{"self":[{"href":"https:\/\/colimdo.org\/wp-api\/wp\/v2\/posts\/56689"}],"collection":[{"href":"https:\/\/colimdo.org\/wp-api\/wp\/v2\/posts"}],"about":[{"href":"https:\/\/colimdo.org\/wp-api\/wp\/v2\/types\/post"}],"author":[{"embeddable":true,"href":"https:\/\/colimdo.org\/wp-api\/wp\/v2\/users\/13"}],"replies":[{"embeddable":true,"href":"https:\/\/colimdo.org\/wp-api\/wp\/v2\/comments?post=56689"}],"version-history":[{"count":1,"href":"https:\/\/colimdo.org\/wp-api\/wp\/v2\/posts\/56689\/revisions"}],"predecessor-version":[{"id":56691,"href":"https:\/\/colimdo.org\/wp-api\/wp\/v2\/posts\/56689\/revisions\/56691"}],"wp:featuredmedia":[{"embeddable":true,"href":"https:\/\/colimdo.org\/wp-api\/wp\/v2\/media\/56690"}],"wp:attachment":[{"href":"https:\/\/colimdo.org\/wp-api\/wp\/v2\/media?parent=56689"}],"wp:term":[{"taxonomy":"category","embeddable":true,"href":"https:\/\/colimdo.org\/wp-api\/wp\/v2\/categories?post=56689"},{"taxonomy":"post_tag","embeddable":true,"href":"https:\/\/colimdo.org\/wp-api\/wp\/v2\/tags?post=56689"}],"curies":[{"name":"wp","href":"https:\/\/api.w.org\/{rel}","templated":true}]}}