{"id":56692,"date":"2019-06-28T00:06:48","date_gmt":"2019-06-28T00:06:48","guid":{"rendered":"https:\/\/colimdo.org\/?p=56692"},"modified":"2019-06-28T00:06:55","modified_gmt":"2019-06-28T00:06:55","slug":"pilotos-se-disputaran-gran-premio-automovilismo","status":"publish","type":"post","link":"https:\/\/colimdo.org\/noticias\/pilotos-se-disputaran-gran-premio-automovilismo\/","title":{"rendered":"Pilotos se disputar\u00e1n el Gran Premio de Automovilismo"},"content":{"rendered":"<p><strong>SANTO DOMINGO.<\/strong>&#8211; Pilotos criollos y extranjeros se estar\u00e1n disputando los primeros lugares durante el Gran Premio Honda de Automovilismo, evento a celebrarse en las facilidades del Aut\u00f3dromo Petronan el domingo 7 de julio; y cuya edici\u00f3n festejar\u00e1 por todo lo alto las 6 d\u00e9cadas de trayectoria de la marca automotriz, en Rep\u00fablica Dominicana.<\/p>\n<p><span style=\"font-style: inherit; font-weight: inherit;\">Detalles del certamen fueron ofrecidos esta semana por ejecutivos de Agencia Bella y el Aut\u00f3dromo Petronan, durante una concurrida conferencia de prensa en el Showroom de Agencia Bella de la avenida John F. Kennedy, distribuidor oficial autorizado de Honda en Rep\u00fablica Dominicana.<\/span><\/p>\n<p><span style=\"font-style: inherit; font-weight: inherit;\">Existe un gran entusiasmo entre los pilotos participantes, debido al alto nivel de competitividad existente en todas las categor\u00edas que ver\u00e1n acci\u00f3n, donde se espera grandes duelos en la Turismo Nacional (TN), Street Touring (ST), Racing Sedan (RS), K\u00eda Cup, Dominican Touring Series (DTS) y la debutante categor\u00eda Iniciaci\u00f3n.<\/span><\/p>\n<p><span style=\"font-style: inherit; font-weight: inherit;\">En la competencia est\u00e1 confirmada la participaci\u00f3n de pilotos representantes de Venezuela, Hait\u00ed y los anfitriones dominicanos.<\/span><\/p>\n<p><span style=\"font-style: inherit; font-weight: inherit;\">Maribel Bellapart, vicepresidenta de Agencia Bella, agradeci\u00f3 al p\u00fablico tanto su asistencia a dicha actividad, como el respaldo y fidelidad brindados a la marca automotriz que representa.<\/span><\/p>\n<p><span style=\"font-style: inherit; font-weight: inherit;\">De su lado, el se\u00f1or Georgie Herrera, presidente del Grupo Caremax, que tiene a su cargo la administraci\u00f3n del Aut\u00f3dromo Petronan, expres\u00f3 sentirse muy complacido en presentar a los amantes de la velocidad el Gran Premio Honda, y agradeci\u00f3 sobremanera el apoyo brindado por los ejecutivos de Agencia Bella al automovilismo nacional.<\/span><\/p>\n<p><span style=\"font-style: inherit; font-weight: inherit;\">En tanto, Marcos Pichardo, gerente general del Aut\u00f3dromo, agradeci\u00f3 a todos los presentes y en especial a los miembros de la prensa por ese gran respaldo que siempre han dado al automovilismo y a todas las actividades que realizan en el Aut\u00f3dromo Petronan.<\/span><\/p>\n<p><span style=\"font-style: inherit; font-weight: inherit;\">Pichardo mencion\u00f3 sobre la gran trayectoria de los veh\u00edculos Honda desde el inicio del automovilismo en el pa\u00eds, al tiempo de resaltar que para los fan\u00e1ticos que asistan a disfrutar del Gran Premio Honda, \u201chabr\u00e1 m\u00e1s facilidades y seguridad para sus autos, ya que los parqueos estar\u00e1n controlados por la compa\u00f1\u00eda Multipark.<\/span><\/p>\n<p><span style=\"font-style: inherit; font-weight: inherit;\">\u201cTambi\u00e9n queremos informar que desde ya, las boletas para la entrada al evento pueden ser adquirida a trav\u00e9s de Uepa Tickets\u201d, agreg\u00f3 Pichardo.<\/span><\/p>\n<p><span style=\"font-style: inherit; font-weight: inherit;\">De su lado, Diego Campos, gerente de Operaciones de la pista, asegur\u00f3 que todo est\u00e1 listo para ofrecer a los asistentes un tremendo evento, al tiempo de resaltar que el certamen automovil\u00edstico ser\u00e1 transmitido a trav\u00e9s de \u2018Livestream\u2019 por el canal de Youtube de Aut\u00f3dromo Petronan y de Acelerando RD, as\u00ed como por Telecentro, el s\u00e1bado siguiente a la realizaci\u00f3n del evento, de 5:00 de la tarde a 7:00 de la noche y el pr\u00f3ximo domingo, a trav\u00e9s del canal 29 en Acelerando TV.<\/span><\/p>\n<p><span style=\"font-style: inherit; font-weight: inherit;\">\u201cTambi\u00e9n quiero destacar entre las sorpresas para el p\u00fablico, que encierra la celebraci\u00f3n del 60 aniversario de Honda dominicana, dedicado en especial a los clientes y fan\u00e1ticos de la marca, la presentaci\u00f3n del artista Mark B, para el deleite musical de todos los presentes\u201d, inform\u00f3 Capos.<\/span><\/p>\n<p><span style=\"font-style: inherit; font-weight: inherit;\">Las boletas estar\u00e1n disponibles tambi\u00e9n en las boleter\u00edas del Aut\u00f3dromo Petronan, adem\u00e1s de Uepa Tickets, cuyos precios son: RD$300 en grader\u00edas; RD$1,000 en \u00e1rea de Paddock, as\u00ed como RD$2,000 en el Special Guest con open bar de bebidas Premium y almuerzo buffet incluido, en el Sky Box aclimatado del Aut\u00f3dromo Petronan.<\/span><\/p>\n<p><span style=\"font-style: inherit; font-weight: inherit;\">Finalmente, el gerente de Ventas de Agencia Bella, V\u00edctor Carvajal, invit\u00f3 a todos los fan\u00e1ticos de Honda a que asistan a este magno evento, donde podr\u00e1n disfruta de la exhibici\u00f3n de todos los modelos de esta prestigiosa\u00a0 marca y de los entusiastas clubes de Honda.<\/span><\/p>\n","protected":false},"excerpt":{"rendered":"<p>La prueba se llevar\u00e1 a cabo el pr\u00f3ximo domingo 7 de julio en el Aut\u00f3dromo con motivo del festejo de los 60 a\u00f1os de la marca automotriz Honda.<\/p>\n","protected":false},"author":13,"featured_media":56693,"comment_status":"closed","ping_status":"closed","sticky":false,"template":"","format":"standard","meta":[],"categories":[2,60],"tags":[],"acf":[],"_links":{"self":[{"href":"https:\/\/colimdo.org\/wp-api\/wp\/v2\/posts\/56692"}],"collection":[{"href":"https:\/\/colimdo.org\/wp-api\/wp\/v2\/posts"}],"about":[{"href":"https:\/\/colimdo.org\/wp-api\/wp\/v2\/types\/post"}],"author":[{"embeddable":true,"href":"https:\/\/colimdo.org\/wp-api\/wp\/v2\/users\/13"}],"replies":[{"embeddable":true,"href":"https:\/\/colimdo.org\/wp-api\/wp\/v2\/comments?post=56692"}],"version-history":[{"count":1,"href":"https:\/\/colimdo.org\/wp-api\/wp\/v2\/posts\/56692\/revisions"}],"predecessor-version":[{"id":56694,"href":"https:\/\/colimdo.org\/wp-api\/wp\/v2\/posts\/56692\/revisions\/56694"}],"wp:featuredmedia":[{"embeddable":true,"href":"https:\/\/colimdo.org\/wp-api\/wp\/v2\/media\/56693"}],"wp:attachment":[{"href":"https:\/\/colimdo.org\/wp-api\/wp\/v2\/media?parent=56692"}],"wp:term":[{"taxonomy":"category","embeddable":true,"href":"https:\/\/colimdo.org\/wp-api\/wp\/v2\/categories?post=56692"},{"taxonomy":"post_tag","embeddable":true,"href":"https:\/\/colimdo.org\/wp-api\/wp\/v2\/tags?post=56692"}],"curies":[{"name":"wp","href":"https:\/\/api.w.org\/{rel}","templated":true}]}}