{"id":56695,"date":"2019-06-28T00:13:32","date_gmt":"2019-06-28T00:13:32","guid":{"rendered":"https:\/\/colimdo.org\/?p=56695"},"modified":"2019-06-28T00:13:47","modified_gmt":"2019-06-28T00:13:47","slug":"listo-apertura-panamericano-sambo-este-viernes","status":"publish","type":"post","link":"https:\/\/colimdo.org\/noticias\/listo-apertura-panamericano-sambo-este-viernes\/","title":{"rendered":"Todo listo para apertura Panamericano de Sambo este viernes"},"content":{"rendered":"<p><strong>SANTO DOMINGO<\/strong>.- M\u00e1s de 150 atletas de 25 pa\u00edses competir\u00e1n desde este viernes en el Campeonato Panamericano de Sambo, evento que se desarrollar\u00e1 hasta el domingo en el pabell\u00f3n de balonmano del Parque del Este y en la playa de Boca Chica, con el respaldo del Ministerio de Deportes y el Comit\u00e9 Ol\u00edmpico Dominicano.<\/p>\n<p>Las competencias iniciar\u00e1n a las 11:00 de la ma\u00f1ana y a las 4:00 de la tarde est\u00e1 programada la ceremonia que dejar\u00e1 abierto el evento y que contar\u00e1 con las principales autoridades locales y ejecutivos de\u00a0la Federaci\u00f3n Internacional\u00a0de Sambo (FIAS).<\/p>\n<p>La informaci\u00f3n la ofrecieron ayer el CEO de\u00a0la FIAS, Michael Miel y el presidente de\u00a0la Federaci\u00f3n Dominicana\u00a0de Sambo, doctor Eliseo Romero, en conferencia de prensa en las instalaciones del COD, encabezada por el primer vicepresidente del organismo, licenciado Antonio Acosta.<\/p>\n<p>Romero dijo que el evento est\u00e1 montado y que solo se espera la hora para dar inicio a las competencias.<\/p>\n<p>La justa es organizada por\u00a0la Federaci\u00f3n Dominicana\u00a0de Sambo, con el respaldo de\u00a0la Federaci\u00f3n Internacional de la disciplina y cuenta con el apoyo adem\u00e1s, de Industria y Comercio y el Ministerio de\u00a0la Juventud.<\/p>\n<p>Entre los pa\u00edses que ver\u00e1n acci\u00f3n en el evento est\u00e1n, Canad\u00e1, Cuba, Estados Unidos, Brasil, Colombia, Chile, Venezuela, Panam\u00e1, Nicaragua, Ecuador , San Salvador, Honduras, M\u00e9xico, entre otras naciones.<\/p>\n<p>La Rep\u00fablica Dominicana\u00a0es el actual campe\u00f3n y participar\u00e1 con una selecci\u00f3n de 27 atletas.<\/p>\n<p>El campeonato se efectuar\u00e1 en masculino y femenino y arrancar\u00e1 con las competencias de Sambo deportivo y combate que se efectuar\u00e1n en el Parque del Este y el domingo ser\u00e1 el Campeonato de Sambo Playa, en Boca Chica.<\/p>\n<p>El sambo, es un arte marcial que combina t\u00e9cnicas en lucha, taekwondo, judo y karate.<\/p>\n<p>Al hablar sobre el evento, Michel destac\u00f3 el avance que ha alcanzado este deporte en el pa\u00eds y el apoyo que ha recibido de las autoridades tanto del Comit\u00e9 Ol\u00edmpico como del Ministerio de Deportes.<\/p>\n<p>Dijo que este deporte se pr\u00e1ctica en los cinco continente y ha tenido buena acogida en los pa\u00edses que se compite.<\/p>\n<p>De igual forma, Antonio Acosta afirm\u00f3 que el Sambo ha sorprendido al movimiento deportivo nacional con el desarrollo que ha tenido en el pa\u00eds.<\/p>\n<p>Dijo que el COD se siente comprometido con este deporte y\u00a0la Federaci\u00f3n Internacional\u00a0de la disciplina.<\/p>\n<p>En la actividad tambi\u00e9n habl\u00f3 Cayetano Rodr\u00edguez, quien estuvo en representaci\u00f3n de Gamalier Mont\u00e1s, presidente del Comit\u00e9 Organizador del evento, quien manifest\u00f3 que el Gobierno apoyar\u00e1 todas las actividades del Sambo, por el auge que ha tomado en el pa\u00eds.<\/p>\n","protected":false},"excerpt":{"rendered":"<p>Las competencias iniciar\u00e1n a las 11:00 de la ma\u00f1ana, y la ceremonia de inauguraci\u00f3n ser\u00e1 a las 4:00 de la tarde en el Pabell\u00f3n de Balonmano del Parque del Este.<\/p>\n","protected":false},"author":13,"featured_media":56696,"comment_status":"closed","ping_status":"closed","sticky":false,"template":"","format":"standard","meta":[],"categories":[2,60],"tags":[],"acf":[],"_links":{"self":[{"href":"https:\/\/colimdo.org\/wp-api\/wp\/v2\/posts\/56695"}],"collection":[{"href":"https:\/\/colimdo.org\/wp-api\/wp\/v2\/posts"}],"about":[{"href":"https:\/\/colimdo.org\/wp-api\/wp\/v2\/types\/post"}],"author":[{"embeddable":true,"href":"https:\/\/colimdo.org\/wp-api\/wp\/v2\/users\/13"}],"replies":[{"embeddable":true,"href":"https:\/\/colimdo.org\/wp-api\/wp\/v2\/comments?post=56695"}],"version-history":[{"count":1,"href":"https:\/\/colimdo.org\/wp-api\/wp\/v2\/posts\/56695\/revisions"}],"predecessor-version":[{"id":56697,"href":"https:\/\/colimdo.org\/wp-api\/wp\/v2\/posts\/56695\/revisions\/56697"}],"wp:featuredmedia":[{"embeddable":true,"href":"https:\/\/colimdo.org\/wp-api\/wp\/v2\/media\/56696"}],"wp:attachment":[{"href":"https:\/\/colimdo.org\/wp-api\/wp\/v2\/media?parent=56695"}],"wp:term":[{"taxonomy":"category","embeddable":true,"href":"https:\/\/colimdo.org\/wp-api\/wp\/v2\/categories?post=56695"},{"taxonomy":"post_tag","embeddable":true,"href":"https:\/\/colimdo.org\/wp-api\/wp\/v2\/tags?post=56695"}],"curies":[{"name":"wp","href":"https:\/\/api.w.org\/{rel}","templated":true}]}}