{"id":56705,"date":"2019-06-28T02:10:58","date_gmt":"2019-06-28T02:10:58","guid":{"rendered":"https:\/\/colimdo.org\/?p=56705"},"modified":"2019-06-28T02:10:58","modified_gmt":"2019-06-28T02:10:58","slug":"carlos-caballo-bronco-adames-dedicara-pelea-este-viernes-david-ortiz","status":"publish","type":"post","link":"https:\/\/colimdo.org\/noticias\/carlos-caballo-bronco-adames-dedicara-pelea-este-viernes-david-ortiz\/","title":{"rendered":"Carlos -Caballo Bronco- Adames dedicar\u00e1 su pelea de este viernes a David Ort\u00edz"},"content":{"rendered":"<p>LOS ANGELES, CALIFONIA.- El boxeador dominicano Carlos -Caballo Bronco-Adames, dijo que el combate que sostendr\u00e1 este viernes contra el estadounidense Patrick Day, se la dedicar\u00e1 al expelotero de Grandes Ligas\u00a0 David Ortiz, qui\u00e9n actualmente se encuentra\u00a0 en\u00a0 recluido en un centro m\u00e9dico de la ciudad de Boston luego de recibir un disparo en una discoteca en Rep\u00fablica Dominicana.<\/p>\n<p>Adames, quien est\u00e1 clasificado en todos los organismos que rigen el boxeo a nivel mundial, se defini\u00f3 como un admirador de Ort\u00edz por todo lo que hizo como pelotero en las Grande Ligas y por su labor social.<\/p>\n<p>\u201cDavid Ortiz es mi\u00a0 \u00eddolo, como pelotero, siempre nos represent\u00f3 al m\u00e1s alto nivel y su labor social lo hacen merecedor de que todo el pueblo dominicano lo quiera y distinga. Espero en Dios que se recupere pronto, y s\u00e9 que as\u00ed va a ser porque Dios no desampara a sus hijos y hombres buenos\u201d, expreso Adames desde su campo de entrenamientos ubicado en la ciudad de los \u00c1ngeles.<\/p>\n<p>El combate entre Adames y Day se ha pactado a la distancia de 10 a asaltos y en la divisi\u00f3n de las 154 libras. Seg\u00fan trascendi\u00f3 el ganador de este encuentro se gana el derecho de disputar la corona mundial.<\/p>\n<p>La pelea que ser\u00e1 la antesala al combate entre Richard Commey y Ray Beltr\u00e1n podr\u00e1 ser visto en vivo y directo por la afamada cadena de televisi\u00f3n ESPN.<\/p>\n<p>Adames, quien ha ostentado varios t\u00edtulos regionales marcha invicto en su carrera con marca de 17-0 en cambio su rival presenta record de 17 triunfos con solo dos derrotas.<\/p>\n<p>El p\u00fagil dominicano es manejado por el empresario Jorge Herasme, presidente de la empresa Upper Promotion y a nivel promocional pertenece a Top Rank, compa\u00f1\u00eda que dirige Bob Arum.<\/p>\n<p>&nbsp;<\/p>\n","protected":false},"excerpt":{"rendered":"<p>Adames, quien est\u00e1 clasificado en todos los organismos que rigen el boxeo a nivel mundial, se defini\u00f3 como un admirador de Ort\u00edz por todo lo que hizo como pelotero en las Grande Ligas y por su labor social.<\/p>\n","protected":false},"author":16,"featured_media":56706,"comment_status":"closed","ping_status":"closed","sticky":false,"template":"","format":"standard","meta":[],"categories":[2,60],"tags":[],"acf":[],"_links":{"self":[{"href":"https:\/\/colimdo.org\/wp-api\/wp\/v2\/posts\/56705"}],"collection":[{"href":"https:\/\/colimdo.org\/wp-api\/wp\/v2\/posts"}],"about":[{"href":"https:\/\/colimdo.org\/wp-api\/wp\/v2\/types\/post"}],"author":[{"embeddable":true,"href":"https:\/\/colimdo.org\/wp-api\/wp\/v2\/users\/16"}],"replies":[{"embeddable":true,"href":"https:\/\/colimdo.org\/wp-api\/wp\/v2\/comments?post=56705"}],"version-history":[{"count":1,"href":"https:\/\/colimdo.org\/wp-api\/wp\/v2\/posts\/56705\/revisions"}],"predecessor-version":[{"id":56707,"href":"https:\/\/colimdo.org\/wp-api\/wp\/v2\/posts\/56705\/revisions\/56707"}],"wp:featuredmedia":[{"embeddable":true,"href":"https:\/\/colimdo.org\/wp-api\/wp\/v2\/media\/56706"}],"wp:attachment":[{"href":"https:\/\/colimdo.org\/wp-api\/wp\/v2\/media?parent=56705"}],"wp:term":[{"taxonomy":"category","embeddable":true,"href":"https:\/\/colimdo.org\/wp-api\/wp\/v2\/categories?post=56705"},{"taxonomy":"post_tag","embeddable":true,"href":"https:\/\/colimdo.org\/wp-api\/wp\/v2\/tags?post=56705"}],"curies":[{"name":"wp","href":"https:\/\/api.w.org\/{rel}","templated":true}]}}