{"id":56710,"date":"2019-06-28T02:18:56","date_gmt":"2019-06-28T02:18:56","guid":{"rendered":"https:\/\/colimdo.org\/?p=56710"},"modified":"2019-06-28T02:18:56","modified_gmt":"2019-06-28T02:18:56","slug":"club-barcelona-atletico-nombra-pedro-nunez-director-tecnico","status":"publish","type":"post","link":"https:\/\/colimdo.org\/noticias\/club-barcelona-atletico-nombra-pedro-nunez-director-tecnico\/","title":{"rendered":"Club Barcelona Atl\u00e9tico nombra a Pedro N\u00fa\u00f1ez como director t\u00e9cnico"},"content":{"rendered":"<p>SANTO DOMINGO. Pedro es un conocedor del f\u00fatbol dominicano y con un recorrido en el f\u00fatbol espa\u00f1ol.<\/p>\n<p>N\u00fa\u00f1ez cuenta con vasta experiencia; inicios en la Mas\u00edas, en las categor\u00edas menores del FC Barcelona, y adem\u00e1s milit\u00f3 con el Atl\u00e9tico Pantoja en las temporadas 2015 y 2016. Tambi\u00e9n estuvo en la LDF Serie B con Bob Soccer y fue llamado varias veces a la Selecci\u00f3n Nacional Absoluta.<\/p>\n<p>Adem\u00e1s, fungi\u00f3 como Entrenador y Coordinador en la Bar\u00e7a Academy RD. N\u00fa\u00f1ez actualmente se desempa\u00f1a como Director Deportivo del Club Santo Domingo FC.<\/p>\n<p>El nuevo director t\u00e9cnico agradeci\u00f3 a la directiva del equipo de los tres corazones por la oportunidad, y espera cosechar muchos \u00e9xitos en el banquillo de los capitalinos. El capataz se sumar\u00e1 a Pedro Est\u00e9vez, Edward Acevedo y Ronald Batista como los dirigentes dominicanos en la LDF.<\/p>\n<div class=\"wpcnt\"><\/div>\n","protected":false},"excerpt":{"rendered":"<p>Adem\u00e1s, fungi\u00f3 como Entrenador y Coordinador en la Bar\u00e7a Academy RD. N\u00fa\u00f1ez actualmente se desempa\u00f1a como Director Deportivo del Club Santo Domingo FC.<\/p>\n","protected":false},"author":16,"featured_media":56711,"comment_status":"closed","ping_status":"closed","sticky":false,"template":"","format":"standard","meta":[],"categories":[2,60],"tags":[],"acf":[],"_links":{"self":[{"href":"https:\/\/colimdo.org\/wp-api\/wp\/v2\/posts\/56710"}],"collection":[{"href":"https:\/\/colimdo.org\/wp-api\/wp\/v2\/posts"}],"about":[{"href":"https:\/\/colimdo.org\/wp-api\/wp\/v2\/types\/post"}],"author":[{"embeddable":true,"href":"https:\/\/colimdo.org\/wp-api\/wp\/v2\/users\/16"}],"replies":[{"embeddable":true,"href":"https:\/\/colimdo.org\/wp-api\/wp\/v2\/comments?post=56710"}],"version-history":[{"count":1,"href":"https:\/\/colimdo.org\/wp-api\/wp\/v2\/posts\/56710\/revisions"}],"predecessor-version":[{"id":56712,"href":"https:\/\/colimdo.org\/wp-api\/wp\/v2\/posts\/56710\/revisions\/56712"}],"wp:featuredmedia":[{"embeddable":true,"href":"https:\/\/colimdo.org\/wp-api\/wp\/v2\/media\/56711"}],"wp:attachment":[{"href":"https:\/\/colimdo.org\/wp-api\/wp\/v2\/media?parent=56710"}],"wp:term":[{"taxonomy":"category","embeddable":true,"href":"https:\/\/colimdo.org\/wp-api\/wp\/v2\/categories?post=56710"},{"taxonomy":"post_tag","embeddable":true,"href":"https:\/\/colimdo.org\/wp-api\/wp\/v2\/tags?post=56710"}],"curies":[{"name":"wp","href":"https:\/\/api.w.org\/{rel}","templated":true}]}}