{"id":56742,"date":"2019-06-28T15:35:52","date_gmt":"2019-06-28T15:35:52","guid":{"rendered":"https:\/\/colimdo.org\/?p=56742"},"modified":"2019-06-28T15:35:52","modified_gmt":"2019-06-28T15:35:52","slug":"dominicana-presenta-la-lista-los-preseleccionados-cara-lima-2019","status":"publish","type":"post","link":"https:\/\/colimdo.org\/noticias\/dominicana-presenta-la-lista-los-preseleccionados-cara-lima-2019\/","title":{"rendered":"Dominicana presenta la lista de los preseleccionados de cara a Lima 2019"},"content":{"rendered":"<p style=\"text-align: justify;\">SANTO DOMINGO.- La Federaci\u00f3n Dominicana de Baloncesto (FEDOMBAL) anunci\u00f3 su preselecci\u00f3n para los Juegos Panamericanos de Lima 2019, la cual incluye a los canasteros Brandone Francis y Marques Townes, adem\u00e1s de los delanteros L.J. Figueroa y Luis Santos.<\/p>\n<p>https:\/\/twitter.com\/RDBSeleccion\/status\/1144626140293844997<\/p>\n<p style=\"text-align: justify;\">La lista ofrecida por Francisco Garc\u00eda re\u00fane un total de 18 jugadores donde sobresalen los armadores Edgar Sosa y Ronald Ram\u00f3n, los tiradores V\u00edctor Liz y Rigoberto Mendoza y el centro Eloy Vargas entre los jugadores de mayor experiencia.<\/p>\n<p style=\"text-align: justify;\">Dentro de la preselecci\u00f3n tambi\u00e9n figura el base Gelvis Solano, los delanteros Sadiel Rojas, Juan Miguel Suero, Luis Montero y Dagoberto Pe\u00f1a, el centro Jhonatan Araujo y los aleros de poder Ronald Roberts Jr., Juan Jos\u00e9 Garc\u00eda y Juan Guerrero.<\/p>\n<p style=\"text-align: justify;\">\u201cLa cita de los Panamericanos es muy importante para nosotros como conjunto ya que eso nos permitir\u00e1 trabajar en nuestra qu\u00edmica en un torneo donde tambi\u00e9n los dem\u00e1s equipos van a llevar a sus jugadores \u00e9lites\u201d, declar\u00f3 Garc\u00eda.<\/p>\n<p style=\"text-align: justify;\">\u201cSi se fijan, en esta preparaci\u00f3n tenemos una mezcla de jugadores j\u00f3venes y veteranos para un torneo que nos servir\u00e1 de mucho en nuestra preparaci\u00f3n de cara al Mundial de China\u201d, agreg\u00f3.<\/p>\n<p style=\"text-align: justify;\">La competencia de baloncesto de los Juegos Panamericanos se realizar\u00e1 del 31 de julio al 4 de agosto en el Coliseo Eduardo Dib\u00f3s en la ciudad de Lima, Per\u00fa.<\/p>\n<p style=\"text-align: justify;\">Dominicana forma parte del Grupo B junto con M\u00e9xico, Argentina y Uruguay. El Grupo A tendr\u00e1 a Puerto Rico, Estados Unidos, Islas V\u00edrgenes y Venezuela.<\/p>\n<p style=\"text-align: justify;\">En los pr\u00f3ximos d\u00edas la FEDOMBAL ofrecer\u00e1 m\u00e1s detalles sobre los entrenamientos del conjunto tricolor, previstos para comenzar el martes 9 de julio.<\/p>\n","protected":false},"excerpt":{"rendered":"<p> La Federaci\u00f3n Dominicana de Baloncesto (FEDOMBAL) anunci\u00f3 su preselecci\u00f3n para los Juegos Panamericanos de Lima 2019, la cual incluye a los canasteros Brandone Francis y Marques Townes, adem\u00e1s de los delanteros L.J. Figueroa y Luis Santos.<\/p>\n","protected":false},"author":19,"featured_media":56743,"comment_status":"closed","ping_status":"closed","sticky":false,"template":"","format":"standard","meta":[],"categories":[2,60],"tags":[],"acf":[],"_links":{"self":[{"href":"https:\/\/colimdo.org\/wp-api\/wp\/v2\/posts\/56742"}],"collection":[{"href":"https:\/\/colimdo.org\/wp-api\/wp\/v2\/posts"}],"about":[{"href":"https:\/\/colimdo.org\/wp-api\/wp\/v2\/types\/post"}],"author":[{"embeddable":true,"href":"https:\/\/colimdo.org\/wp-api\/wp\/v2\/users\/19"}],"replies":[{"embeddable":true,"href":"https:\/\/colimdo.org\/wp-api\/wp\/v2\/comments?post=56742"}],"version-history":[{"count":1,"href":"https:\/\/colimdo.org\/wp-api\/wp\/v2\/posts\/56742\/revisions"}],"predecessor-version":[{"id":56744,"href":"https:\/\/colimdo.org\/wp-api\/wp\/v2\/posts\/56742\/revisions\/56744"}],"wp:featuredmedia":[{"embeddable":true,"href":"https:\/\/colimdo.org\/wp-api\/wp\/v2\/media\/56743"}],"wp:attachment":[{"href":"https:\/\/colimdo.org\/wp-api\/wp\/v2\/media?parent=56742"}],"wp:term":[{"taxonomy":"category","embeddable":true,"href":"https:\/\/colimdo.org\/wp-api\/wp\/v2\/categories?post=56742"},{"taxonomy":"post_tag","embeddable":true,"href":"https:\/\/colimdo.org\/wp-api\/wp\/v2\/tags?post=56742"}],"curies":[{"name":"wp","href":"https:\/\/api.w.org\/{rel}","templated":true}]}}