{"id":56754,"date":"2019-06-28T16:13:44","date_gmt":"2019-06-28T16:13:44","guid":{"rendered":"https:\/\/colimdo.org\/?p=56754"},"modified":"2019-06-28T16:13:44","modified_gmt":"2019-06-28T16:13:44","slug":"junior-firpo-jugara-titular-alemania","status":"publish","type":"post","link":"https:\/\/colimdo.org\/noticias\/junior-firpo-jugara-titular-alemania\/","title":{"rendered":"Junior Firpo jugar\u00e1 como titular contra Alemania"},"content":{"rendered":"<p>LISTIN DIARIO.-\u00a0En la selecci\u00f3n de Espa\u00f1a de f\u00fatbol que disputar\u00e1 la final del torneo Europeo sub-21 el pr\u00f3ximo domingo, hay un dominicano que se encuentra siendo parte esencial del conjunto.<\/p>\n<p>H\u00e9ctor Junior Firpo, solo conocido como Junior Firpo, actualmente es el lateral izquierdo de \u201cLa Roja\u201d, saldr\u00e1 como titular en la final contra Alemania.<\/p>\n<p>Firpo se gan\u00f3 la titularidad luego de ser uno de los jugadores m\u00e1s activos en cancha en la victoria espa\u00f1ola ante Francia 4 goles por 1.<\/p>\n<p>El jugador de 22 a\u00f1os de edad, naci\u00f3 en Santo Domingo el 22 de agosto de 1996 pero emigr\u00f3 junto a su familia a Espa\u00f1a cuando apenas ten\u00eda seis a\u00f1os de edad y obtuvo la nacionalidad espa\u00f1ola.<\/p>\n<p>Firpo ya particip\u00f3 en un partido amistoso con la selecci\u00f3n dominicana, pero oficialmente juega con la camiseta de Espa\u00f1a desde septiembre del 2018 cuando fue convocado para la sub 21.<\/p>\n<p>El jugador dominicano del Real Betis asegur\u00f3 que &#8220;nunca&#8221; cerrar\u00eda las puertas a una posible convocatoria de la selecci\u00f3n de la Rep\u00fablica Dominicana, aunque dijo que &#8220;por ahora&#8221; le interesa m\u00e1s jugar con Espa\u00f1a porque tiene un mayor nivel competitivo.<\/p>\n<p>&#8220;Yo por ahora estoy jugando con Espa\u00f1a y es d\u00f3nde quiero jugar porque creo que as\u00ed aumenta mi nivel competitivo, pero nunca estoy cerrado a las puertas de la selecci\u00f3n dominicana, que tienen los brazos abiertos y me demuestran mucho cari\u00f1o&#8221;, dijo Junior a la agencia Efe durante una entrevista hace varios meses.<\/p>\n","protected":false},"excerpt":{"rendered":"<p>En la selecci\u00f3n de Espa\u00f1a de f\u00fatbol que disputar\u00e1 la final del torneo Europeo sub-21 el pr\u00f3ximo domingo, hay un dominicano que se encuentra siendo parte esencial del conjunto.<\/p>\n","protected":false},"author":19,"featured_media":56755,"comment_status":"closed","ping_status":"closed","sticky":false,"template":"","format":"standard","meta":[],"categories":[2,60],"tags":[],"acf":[],"_links":{"self":[{"href":"https:\/\/colimdo.org\/wp-api\/wp\/v2\/posts\/56754"}],"collection":[{"href":"https:\/\/colimdo.org\/wp-api\/wp\/v2\/posts"}],"about":[{"href":"https:\/\/colimdo.org\/wp-api\/wp\/v2\/types\/post"}],"author":[{"embeddable":true,"href":"https:\/\/colimdo.org\/wp-api\/wp\/v2\/users\/19"}],"replies":[{"embeddable":true,"href":"https:\/\/colimdo.org\/wp-api\/wp\/v2\/comments?post=56754"}],"version-history":[{"count":1,"href":"https:\/\/colimdo.org\/wp-api\/wp\/v2\/posts\/56754\/revisions"}],"predecessor-version":[{"id":56756,"href":"https:\/\/colimdo.org\/wp-api\/wp\/v2\/posts\/56754\/revisions\/56756"}],"wp:featuredmedia":[{"embeddable":true,"href":"https:\/\/colimdo.org\/wp-api\/wp\/v2\/media\/56755"}],"wp:attachment":[{"href":"https:\/\/colimdo.org\/wp-api\/wp\/v2\/media?parent=56754"}],"wp:term":[{"taxonomy":"category","embeddable":true,"href":"https:\/\/colimdo.org\/wp-api\/wp\/v2\/categories?post=56754"},{"taxonomy":"post_tag","embeddable":true,"href":"https:\/\/colimdo.org\/wp-api\/wp\/v2\/tags?post=56754"}],"curies":[{"name":"wp","href":"https:\/\/api.w.org\/{rel}","templated":true}]}}