{"id":56757,"date":"2019-06-28T17:26:33","date_gmt":"2019-06-28T17:26:33","guid":{"rendered":"https:\/\/colimdo.org\/?p=56757"},"modified":"2019-06-28T17:31:55","modified_gmt":"2019-06-28T17:31:55","slug":"capturan-victor-hugo-gomez-autor-intelectual-ataque-resulto-herido-david-ortiz","status":"publish","type":"post","link":"https:\/\/colimdo.org\/noticias\/capturan-victor-hugo-gomez-autor-intelectual-ataque-resulto-herido-david-ortiz\/","title":{"rendered":"Capturan a V\u00edctor Hugo G\u00f3mez, autor intelectual en ataque a David Ortiz"},"content":{"rendered":"<p>LISTIN DIARIO.-\u00a0Las autoridades dominicanas capturaron a V\u00edctor Hugo G\u00f3mez V\u00e1squez, se\u00f1alado como el presunto autor intelectual en el ataque en el que result\u00f3 herido el pelotero David Ortiz.<\/p>\n<p>G\u00f3mez V\u00e1squez, quien estaba pr\u00f3fugo de las autoridades estadounidenses, fue se\u00f1alado por la Procuradur\u00eda General de la Rep\u00fablica y la Polic\u00eda Nacional como el autor intelectual del atentado contra Fern\u00e1ndez, que termin\u00f3 hiriendo al expelotero de Grandes Ligas, David Ortiz, quien recibi\u00f3 un disparo mientras compart\u00eda con amigos en un centro nocturno del Ensanche Ozama.<\/p>\n<p>Sixto David Fern\u00e1ndez, tambi\u00e9n conocido como David \u201cEl Modelo\u201d, hab\u00eda dicho en el programa radial Zol 106.5 FM que no ten\u00eda enemigos, que tampoco ten\u00eda dinero y que era un ciudadano com\u00fan y corriente. Se\u00f1al\u00f3, adem\u00e1s, que tiene un taller de desabolladura y pintura de autos.<\/p>\n<p>El 20 de marzo de este a\u00f1o las autoridades federales de Houston y Galveston, Estados Unidos, anunciaron los resultados de un operativo antidroga en Texas, presentando orden de arresto contra al menos 56 personas, en la que incluye a V\u00edctor Hugo G\u00f3mez.<\/p>\n<p>El hombre, de 43 a\u00f1os, es se\u00f1alado seg\u00fan las autoridades estadounidenses como parte del C\u00e1rtel del Golfo que realizaba sus operaciones entre febrero de 2016 a abril de 2018.<\/p>\n<p>Ortiz fue intervenido quir\u00fargicamente en el centro m\u00e9dico Abel Gonz\u00e1lez y trasladado en un avi\u00f3n ambulancia hacia el Mass General Hospital, en Boston, Estados Unidos.<\/p>\n<p>Hasta ahora el estado de salud del exbeisbolista de los Medias Rojas de Boston es estable, y su esposa inform\u00f3 el pasado s\u00e1bado que ya hab\u00eda salido de la Unidad de Cuidados Intensivos del hospital bostoniano.<\/p>\n<p>A\u00fan est\u00e1n pr\u00f3fugos de la justicia Luis Rivas Clase (El Cirujano) y Fernanda Villasmil Manzanilla, alias \u201cLa Venezolana&#8221; o &#8220;Pelirrubia&#8221;.<\/p>\n<p>Por el caso han recibido prisi\u00f3n preventiva como medida de coerci\u00f3n 10 supuestos implicados en el\u00a0 hecho.<\/p>\n<p>Quienes deber\u00e1n cumplir el a\u00f1o de prisi\u00f3n preventiva son Rolfi Ferreras Cruz o Ram\u00f3n Mart\u00ednez P\u00e9rez (&#8220;Rolfi&#8221;), quien admiti\u00f3 que fue quien dispar\u00f3 al exbeisbolista; Oliver Mois\u00e9s Mirabal, Eddy Vladimir F\u00e9liz Garc\u00eda (&#8220;El Nata&#8221;), Joel Rodr\u00edguez de la Cruz (&#8220;Calamardo&#8221;) y Porfirio Ayendi Dechamps V\u00e1squez (&#8220;Nene&#8221;).<\/p>\n<p>Tambi\u00e9n cumplir\u00e1n la prisi\u00f3n preventiva Reynaldo Rodr\u00edguez Valenzuela, Lanny Estefanny P\u00e9rez Reyes, Jos\u00e9 Eduardo Cipri\u00e1n (&#8220;Chuki&#8221;) y Carlos Rafael \u00c1lvarez (&#8220;Carlos Nike&#8221;), \u00e9stos dos \u00faltimos cumplen prisi\u00f3n en la c\u00e1rcel del 15 de Azua y contra los cuales se ha abierto un proceso paralelo por este nuevo caso.<\/p>\n","protected":false},"excerpt":{"rendered":"<p>Las autoridades dominicanas capturaron a V\u00edctor Hugo G\u00f3mez V\u00e1squez, se\u00f1alado como el presunto autor intelectual en el ataque en el que result\u00f3 herido el pelotero David Ortiz.<\/p>\n","protected":false},"author":19,"featured_media":56761,"comment_status":"closed","ping_status":"closed","sticky":false,"template":"","format":"standard","meta":[],"categories":[2,60],"tags":[],"acf":[],"_links":{"self":[{"href":"https:\/\/colimdo.org\/wp-api\/wp\/v2\/posts\/56757"}],"collection":[{"href":"https:\/\/colimdo.org\/wp-api\/wp\/v2\/posts"}],"about":[{"href":"https:\/\/colimdo.org\/wp-api\/wp\/v2\/types\/post"}],"author":[{"embeddable":true,"href":"https:\/\/colimdo.org\/wp-api\/wp\/v2\/users\/19"}],"replies":[{"embeddable":true,"href":"https:\/\/colimdo.org\/wp-api\/wp\/v2\/comments?post=56757"}],"version-history":[{"count":2,"href":"https:\/\/colimdo.org\/wp-api\/wp\/v2\/posts\/56757\/revisions"}],"predecessor-version":[{"id":56760,"href":"https:\/\/colimdo.org\/wp-api\/wp\/v2\/posts\/56757\/revisions\/56760"}],"wp:featuredmedia":[{"embeddable":true,"href":"https:\/\/colimdo.org\/wp-api\/wp\/v2\/media\/56761"}],"wp:attachment":[{"href":"https:\/\/colimdo.org\/wp-api\/wp\/v2\/media?parent=56757"}],"wp:term":[{"taxonomy":"category","embeddable":true,"href":"https:\/\/colimdo.org\/wp-api\/wp\/v2\/categories?post=56757"},{"taxonomy":"post_tag","embeddable":true,"href":"https:\/\/colimdo.org\/wp-api\/wp\/v2\/tags?post=56757"}],"curies":[{"name":"wp","href":"https:\/\/api.w.org\/{rel}","templated":true}]}}