{"id":56762,"date":"2019-06-28T18:05:22","date_gmt":"2019-06-28T18:05:22","guid":{"rendered":"https:\/\/colimdo.org\/?p=56762"},"modified":"2019-06-28T18:05:39","modified_gmt":"2019-06-28T18:05:39","slug":"campeonato-desarrollo-arqueria-sigue-clasificatorio-individual","status":"publish","type":"post","link":"https:\/\/colimdo.org\/noticias\/campeonato-desarrollo-arqueria-sigue-clasificatorio-individual\/","title":{"rendered":"Campeonato de Desarrollo Arquer\u00eda sigue con clasificatorio individual"},"content":{"rendered":"<p><strong>SANTO DOMINGO<\/strong><span style=\"font-style: inherit; font-weight: inherit;\">.\u00a0<\/span><span style=\"font-style: inherit; font-weight: inherit;\">Con las competencias clasificatorias individual continuar\u00e1 este s\u00e1bado el III Campeonato de Desarrollo de Tiro con Arco cuya ceremonia de apertura se llev\u00f3 a cabo este viernes en el Pabell\u00f3n de Arquer\u00eda del Parque del Este.<\/span><\/p>\n<p>Los encuentros clasificatorios individuales comenzar\u00e1n desde las 9:00 de la ma\u00f1ana, mientras que los enfrentamientos de eliminaci\u00f3n directa est\u00e1n pautados para celebrarse el domingo desde las 9:00 de la ma\u00f1ana.<\/p>\n<p>\u201cEstamos dando pasos para que el deporte del tiro con arco siga creciendo en el Caribe\u201d, asegur\u00f3 el presidente de la Federaci\u00f3n Dominicana de Tiro con Arco (Fedota), Jos\u00e9 Miguel Robiou, quien solicit\u00f3 p\u00fablicamente utiler\u00eda al Comit\u00e9 Ol\u00edmpico Dominicano (COD) para el desarrollo de esta disciplina a trav\u00e9s de las distintas asociaciones.<\/p>\n<p>\u201cEstamos solicitando equipos para el desarrollo de atletas de las diferentes asociaciones\u201d, insisti\u00f3.<\/p>\n<p>Un total de 89 atletas procedente de ocho pa\u00edses se aprestan a mostrar sus respectivos progresos en las diferentes modalidades del deporte de Tiro con Arco.<\/p>\n<p>\u201cEs un reclamo justo. Haremos llegar esta solicitud al presidente del COD. Tenemos un compromiso con cada una de las jornadas que tenemos que librar\u201d, se\u00f1al\u00f3 Antonio Acosta, primer vicepresidente del COD al hacer uso de la palabra.<\/p>\n<p>En el campeonato de Tiro con Arco, que se celebrar\u00e1 hasta este domingo, se competir\u00e1 en las distancias de 30 y 50 metros en las modalidades arco recurvo y arco compuesto.<\/p>\n<p><span style=\"font-style: inherit; font-weight: inherit;\">\u201cEl objetivo principal de este evento es el fomento y desarrollo del tiro con arco en la regi\u00f3n de Centroam\u00e9rica y el Caribe\u201d, manifest\u00f3 el presidente de la\u00a0Fedota.<\/span><\/p>\n<p><span style=\"font-style: inherit; font-weight: inherit;\">En el evento competitivo participan arqueros de Islas V\u00edrgenes Brit\u00e1nicas, Colombia, Trinidad y Tobago, Guyana, Puerto Rico, Saint Kitts and Nevis, Barbados y Rep\u00fablica Dominicana.<\/span><\/p>\n<p><span style=\"font-style: inherit; font-weight: inherit;\">En la distancia de 30 metros tomar\u00e1n parte los arqueros de iniciaci\u00f3n o principiantes, mientras que en los 50 metros ver\u00e1n acci\u00f3n los atletas de desarrollo.<\/span><\/p>\n<p><span style=\"font-style: inherit; font-weight: inherit;\">En ambas distancias las competencias se realizar\u00e1n en las categor\u00edas arco recurvo y arco compuesto masculino y femenino infantil hasta 14 a\u00f1os, as\u00ed como en cadete 15-17 a\u00f1os.<\/span><\/p>\n<p><span style=\"font-style: inherit; font-weight: inherit;\">En arco recurvo y compuesto juvenil participar\u00e1n atletas de 18-20 a\u00f1os, mientras que en recurvo y compuesto masculino y femenino las competencias ser\u00e1n para arqueros desde los 21 a\u00f1os.<\/span><\/p>\n","protected":false},"excerpt":{"rendered":"<p>Las competencias arrancan este s\u00e1bado desde las 9:00 de la ma\u00f1ana, mientras que el domingo se llevar\u00e1n a cabo las eliminatorias directas.<\/p>\n","protected":false},"author":13,"featured_media":56763,"comment_status":"closed","ping_status":"closed","sticky":false,"template":"","format":"standard","meta":[],"categories":[2,60],"tags":[],"acf":[],"_links":{"self":[{"href":"https:\/\/colimdo.org\/wp-api\/wp\/v2\/posts\/56762"}],"collection":[{"href":"https:\/\/colimdo.org\/wp-api\/wp\/v2\/posts"}],"about":[{"href":"https:\/\/colimdo.org\/wp-api\/wp\/v2\/types\/post"}],"author":[{"embeddable":true,"href":"https:\/\/colimdo.org\/wp-api\/wp\/v2\/users\/13"}],"replies":[{"embeddable":true,"href":"https:\/\/colimdo.org\/wp-api\/wp\/v2\/comments?post=56762"}],"version-history":[{"count":1,"href":"https:\/\/colimdo.org\/wp-api\/wp\/v2\/posts\/56762\/revisions"}],"predecessor-version":[{"id":56764,"href":"https:\/\/colimdo.org\/wp-api\/wp\/v2\/posts\/56762\/revisions\/56764"}],"wp:featuredmedia":[{"embeddable":true,"href":"https:\/\/colimdo.org\/wp-api\/wp\/v2\/media\/56763"}],"wp:attachment":[{"href":"https:\/\/colimdo.org\/wp-api\/wp\/v2\/media?parent=56762"}],"wp:term":[{"taxonomy":"category","embeddable":true,"href":"https:\/\/colimdo.org\/wp-api\/wp\/v2\/categories?post=56762"},{"taxonomy":"post_tag","embeddable":true,"href":"https:\/\/colimdo.org\/wp-api\/wp\/v2\/tags?post=56762"}],"curies":[{"name":"wp","href":"https:\/\/api.w.org\/{rel}","templated":true}]}}