{"id":56765,"date":"2019-06-28T18:19:20","date_gmt":"2019-06-28T18:19:20","guid":{"rendered":"https:\/\/colimdo.org\/?p=56765"},"modified":"2019-06-28T18:19:28","modified_gmt":"2019-06-28T18:19:28","slug":"genera-gran-expectativa-caminata-olimpica-nagua-este-sabado","status":"publish","type":"post","link":"https:\/\/colimdo.org\/noticias\/genera-gran-expectativa-caminata-olimpica-nagua-este-sabado\/","title":{"rendered":"Genera gran expectativa Caminata Ol\u00edmpica en Nagua este s\u00e1bado"},"content":{"rendered":"<p>SANTO DOMINGO.- El Comit\u00e9 Ol\u00edmpico Dominicano (COD) festejar\u00e1 este s\u00e1bado en la provincia Mar\u00eda Trinidad S\u00e1nchez, el 125 aniversario de la fundaci\u00f3n del Comit\u00e9 Ol\u00edmpico Internacional (COI) con varios actos que culminar\u00e1 con la tradicional Caminata Ol\u00edmpica.<\/p>\n<p><span style=\"font-style: inherit; font-weight: inherit;\">Los festejos comenzaron la tarde de este viernes con una sesi\u00f3n de la Academia Ol\u00edmpica en uno de los salones del segundo nivel de la reposter\u00eda Lissette, frente al parque central.<\/span><\/p>\n<p><span style=\"font-style: inherit; font-weight: inherit;\">En la ma\u00f1ana de este s\u00e1bado, comenzando a las 8:00, est\u00e1 prevista una jornada de reforestaci\u00f3n en el Parque Ecol\u00f3gico, en la salida del municipio de Nagua hacia Cabrera. Esta actividad es coordinada por la Comisi\u00f3n de Medio Ambiente y Deporte del COD y la Uni\u00f3n Deportiva de la provincia Mar\u00eda Trinidad S\u00e1nchez.<\/span><\/p>\n<p><span style=\"font-style: inherit; font-weight: inherit;\">Seg\u00fan el programa previsto para el D\u00eda Ol\u00edmpico, a las 9:00 de la ma\u00f1ana ser\u00e1 presentada una charla sobre Nutrici\u00f3n y Deportes, en una carpa que ser\u00e1 levantada en el Parque Central. La misma estar\u00e1 a cargo del nutri\u00f3logo, doctor Darwin Qui\u00f1ones<\/span><\/p>\n<p><span style=\"font-style: inherit; font-weight: inherit;\">A las 10:30 de la ma\u00f1ana se ofrecer\u00e1 una charla sobre Mujer y Deportes, en el sal\u00f3n del segundo nivel de la reposter\u00eda Lissette.<\/span><\/p>\n<p><span style=\"font-style: inherit; font-weight: inherit;\">A la 1:00 de la tarde se estar\u00e1 celebrando un Aquatl\u00f3n frente al malec\u00f3n de Nagua. Esta actividad es coordinada por la Federaci\u00f3n Dominicana de Triatl\u00f3n y la Asociaci\u00f3n local de esa disciplina.<\/span><\/p>\n<p>A las 2:00 de la tarde se estar\u00e1 llevando a cabo una charla sobre la Actividad F\u00edsica y Enfermedades Cardiovasculares, a cargo del cardi\u00f3logo, doctor Jos\u00e9 Omar Brito. En la carpa de medicina deportiva situada en el Parque Central.<\/p>\n<p><span style=\"font-style: inherit; font-weight: inherit;\">La actividad cumbre del D\u00eda Ol\u00edmpico ser\u00e1 la caminata que partir\u00e1 desde el Parque Central y recorrer\u00e1 varias calles y avenidas del municipio de Nagua.<\/span><\/p>\n<p><span style=\"font-style: inherit; font-weight: inherit;\">La caminata iniciar\u00e1 su recorrido por la calle independencia, luego se dirigir\u00e1 a La Playita, para continuar por la avenida Oliva Miguel Yanguela, para despu\u00e9s tomar la calle Progreso y continuar\u00e1 por la Hern\u00e1n Cabral, Palacio de Justicia, calle Jorge Awad, la Julio Lample, tocar\u00e1 el barrio Pueblo Nuevo para concluir en la calle Duarte, donde se har\u00e1 un acto que ser\u00e1 aprovechado para reconocer a varias personalidades de esta provincia.<\/span><\/p>\n<p><span style=\"font-style: inherit; font-weight: inherit;\">El \u201cD\u00eda Ol\u00edmpico\u201d es organizado por el Comit\u00e9 Ol\u00edmpico Dominicano (COD), bajo la coordinaci\u00f3n de la Uni\u00f3n Deportiva de la provincia Mar\u00eda Trinidad S\u00e1nchez.<\/span><\/p>\n<p><span style=\"font-style: inherit; font-weight: inherit;\">El presidente de la Uni\u00f3n Deportiva de Nagua, Fidias David Garc\u00eda, asegur\u00f3 que todo est\u00e1 listo para los festejos con motivo del D\u00eda Ol\u00edmpico.<\/span><\/p>\n<p><span style=\"font-style: inherit; font-weight: inherit;\">Se ha hecho una tradici\u00f3n que el Comit\u00e9 Ol\u00edmpico Dominicano celebre esta actividad cada a\u00f1o y en una provincia.<\/span><\/p>\n<p><span style=\"font-style: inherit; font-weight: inherit;\">Este acontecimiento se ha llevado a cabo en las ciudades de Barahona, San Juan de la Maguana, Ban\u00ed, San Crist\u00f3bal, San Pedro de Macor\u00eds, Bonao, La Vega, San Francisco de Macor\u00eds, Salcedo, Santiago y Valverde Mao, adem\u00e1s del distrito nacional.<\/span><\/p>\n","protected":false},"excerpt":{"rendered":"<p>Con varias actividades, el Comit\u00e9 Ol\u00edmpico Dominicano celebra este s\u00e0bado el 125 aniversario de la fundaci\u00f3n del COI con el D\u00eda Ol\u00edmpico en Nagua.<\/p>\n","protected":false},"author":13,"featured_media":56766,"comment_status":"closed","ping_status":"closed","sticky":false,"template":"","format":"standard","meta":[],"categories":[2,60],"tags":[],"acf":[],"_links":{"self":[{"href":"https:\/\/colimdo.org\/wp-api\/wp\/v2\/posts\/56765"}],"collection":[{"href":"https:\/\/colimdo.org\/wp-api\/wp\/v2\/posts"}],"about":[{"href":"https:\/\/colimdo.org\/wp-api\/wp\/v2\/types\/post"}],"author":[{"embeddable":true,"href":"https:\/\/colimdo.org\/wp-api\/wp\/v2\/users\/13"}],"replies":[{"embeddable":true,"href":"https:\/\/colimdo.org\/wp-api\/wp\/v2\/comments?post=56765"}],"version-history":[{"count":1,"href":"https:\/\/colimdo.org\/wp-api\/wp\/v2\/posts\/56765\/revisions"}],"predecessor-version":[{"id":56767,"href":"https:\/\/colimdo.org\/wp-api\/wp\/v2\/posts\/56765\/revisions\/56767"}],"wp:featuredmedia":[{"embeddable":true,"href":"https:\/\/colimdo.org\/wp-api\/wp\/v2\/media\/56766"}],"wp:attachment":[{"href":"https:\/\/colimdo.org\/wp-api\/wp\/v2\/media?parent=56765"}],"wp:term":[{"taxonomy":"category","embeddable":true,"href":"https:\/\/colimdo.org\/wp-api\/wp\/v2\/categories?post=56765"},{"taxonomy":"post_tag","embeddable":true,"href":"https:\/\/colimdo.org\/wp-api\/wp\/v2\/tags?post=56765"}],"curies":[{"name":"wp","href":"https:\/\/api.w.org\/{rel}","templated":true}]}}