{"id":56775,"date":"2019-06-28T23:57:32","date_gmt":"2019-06-28T23:57:32","guid":{"rendered":"https:\/\/colimdo.org\/?p=56775"},"modified":"2019-06-28T23:57:39","modified_gmt":"2019-06-28T23:57:39","slug":"isa-saluda-aprobacion-del-surfing-juegos-olimpicos-paris-2024","status":"publish","type":"post","link":"https:\/\/colimdo.org\/noticias\/isa-saluda-aprobacion-del-surfing-juegos-olimpicos-paris-2024\/","title":{"rendered":"ISA saluda aprobaci\u00f3n del Surfing para Juegos Ol\u00edmpicos Par\u00eds 2024"},"content":{"rendered":"<p><strong>Lausana, Suiza<\/strong>. La\u00a0International Surfing Association (ISA)\u00a0se complace y se alienta con la decisi\u00f3n tomada por la\u00a0Sesi\u00f3n del Comit\u00e9 Ol\u00edmpico Internacional (COI)\u00a0que aprueba de la inclusi\u00f3n del Surfing en el Programa de Deportes de los Juegos Ol\u00edmpicos Par\u00eds 2024, luego de la votaci\u00f3n realizada por sus miembros durante la\u00a0Sesi\u00f3n COI 134, en Lausana.<\/p>\n<p>La ratificaci\u00f3n final estar\u00e1 a cargo del Comit\u00e9 Ejecutivo del COI, despu\u00e9s de que el deporte haga su tan esperado debut en los Juegos de Tokio 2020. El anuncio de hoy mueve al Surfing a\u00fan m\u00e1s cerca de la inclusi\u00f3n Ol\u00edmpica de largo plazo.<\/p>\n<p>El Surfing fue agregado primeramente en el Programa de Deportes Ol\u00edmpicos para Tokio 2020 en la Sesi\u00f3n 129 en R\u00edo de Janeiro en el 2016. Ahora, luego de las noticias de hoy, la ISA mira hacia Par\u00eds 2024 para crear un camino a la inclusi\u00f3n permanente en el Programa de Los \u00c1ngeles 2028 y m\u00e1s all\u00e1.<\/p>\n<p>Fernando Aguerre, Presidente de la ISA\u00a0dijo:<\/p>\n<p>&#8220;Este es otro d\u00eda asombroso para el Surfing Ol\u00edmpico, conforme nos ponemos a un paso de Par\u00eds 2024 y la inclusi\u00f3n Ol\u00edmpica a largo plazo. Quiero agradecer personalmente a los Miembros del COI y al Comit\u00e9 Organizador de Par\u00eds 2024 por creer en nuestro deporte y por reconocer los valores que aporta. Nos sentimos humildes y honrados por la confianza puesta en nosotros.<\/p>\n<p>&#8220;El Surfing es un deporte de la nueva era de los Juegos, un deporte que es realmente &#8220;Hecho para Compartir&#8221; que se alinea con los valores de Par\u00eds 2024. El Surfing combina acci\u00f3n de alto desempe\u00f1o con una conexi\u00f3n con el ambiente, sostenibilidad y de superaci\u00f3n personal. El Surfing se alinea perfectamente con Par\u00eds 2024 y los valores Ol\u00edmpicos y estamos orgullosos de tener una oportunidad de continuar nuestro viaje con el COI.<\/p>\n<p>&#8220;En Tokio tenemos la oportunidad de mostrar al mundo la personalidad \u00fanica y juvenil del surfing y sus atletas socialmente comprometidos y afianzar nuestra posici\u00f3n dentro del Movimiento. Nuestro Festival de Surfing Ol\u00edmpico promete ser un elemento realmente innovador para el programa, demostrando la cultura vibrante de nuestra cultura. Estoy positivo de que, junto a nuestros socios en Tokio, podemos traer una nueva atracci\u00f3n din\u00e1mica y juvenil y dejar un legado a largo plazo para Jap\u00f3n, para los Juegos y para nuestro deporte.<\/p>\n<p>&#8220;Por su parte, Francia tiene una incre\u00edble y rica tradici\u00f3n de Surfing y ha sido sede de los eventos m\u00e1s importantes en el calendario ISA. Junto a la Federaci\u00f3n Francesa de Surfing y los Organizadores de Par\u00eds 2024, estoy seguro de que podremos realizar un evento que inspire a la naci\u00f3n y contin\u00fae celebrando la cultura y valor \u00fanicos del deporte en un escenario mundial.<\/p>\n<p>&#8220;A nombre del toda la comunidad del Surfing, quiero agradecer a todos los involucrados en la decisi\u00f3n de hoy&#8221;.<\/p>\n<p>Par\u00eds 2024 ha anunciado un proceso de licitaci\u00f3n p\u00fablica para la elecci\u00f3n del lugar sede para el Surfing. El proceso ser\u00e1 conducido en coordinaci\u00f3n con la ISA y la Federaci\u00f3n Francesa de Surfing. Iniciar\u00e1 inmediatamente con la expresi\u00f3n de inter\u00e9s. Incluir\u00e1 una evaluaci\u00f3n t\u00e9cnica y visitas a sitio en los meses de julio y agosto, con el objetivo de anunciar el sitio sede en diciembre de 2019.<\/p>\n","protected":false},"excerpt":{"rendered":"<p> La decisi\u00f3n fue dada a conocer el pasado 25 de este mes durante la Sesi\u00f3n del Comit\u00e9 Ol\u00edmpico Internacional (COI) en Suiza.<\/p>\n","protected":false},"author":13,"featured_media":56776,"comment_status":"closed","ping_status":"closed","sticky":false,"template":"","format":"standard","meta":[],"categories":[2,60],"tags":[],"acf":[],"_links":{"self":[{"href":"https:\/\/colimdo.org\/wp-api\/wp\/v2\/posts\/56775"}],"collection":[{"href":"https:\/\/colimdo.org\/wp-api\/wp\/v2\/posts"}],"about":[{"href":"https:\/\/colimdo.org\/wp-api\/wp\/v2\/types\/post"}],"author":[{"embeddable":true,"href":"https:\/\/colimdo.org\/wp-api\/wp\/v2\/users\/13"}],"replies":[{"embeddable":true,"href":"https:\/\/colimdo.org\/wp-api\/wp\/v2\/comments?post=56775"}],"version-history":[{"count":1,"href":"https:\/\/colimdo.org\/wp-api\/wp\/v2\/posts\/56775\/revisions"}],"predecessor-version":[{"id":56777,"href":"https:\/\/colimdo.org\/wp-api\/wp\/v2\/posts\/56775\/revisions\/56777"}],"wp:featuredmedia":[{"embeddable":true,"href":"https:\/\/colimdo.org\/wp-api\/wp\/v2\/media\/56776"}],"wp:attachment":[{"href":"https:\/\/colimdo.org\/wp-api\/wp\/v2\/media?parent=56775"}],"wp:term":[{"taxonomy":"category","embeddable":true,"href":"https:\/\/colimdo.org\/wp-api\/wp\/v2\/categories?post=56775"},{"taxonomy":"post_tag","embeddable":true,"href":"https:\/\/colimdo.org\/wp-api\/wp\/v2\/tags?post=56775"}],"curies":[{"name":"wp","href":"https:\/\/api.w.org\/{rel}","templated":true}]}}