{"id":56792,"date":"2019-06-29T03:51:04","date_gmt":"2019-06-29T03:51:04","guid":{"rendered":"https:\/\/colimdo.org\/?p=56792"},"modified":"2019-06-29T03:51:04","modified_gmt":"2019-06-29T03:51:04","slug":"fuego-deja-cenizas-parte-la-casa-del-boxeador-leonel-los-santos","status":"publish","type":"post","link":"https:\/\/colimdo.org\/noticias\/fuego-deja-cenizas-parte-la-casa-del-boxeador-leonel-los-santos\/","title":{"rendered":"Fuego deja en cenizas parte de la casa del boxeador Leonel de los Santos"},"content":{"rendered":"<p>EL NUEVO DIARIO, SANTO DOMINGO.- Un fuego dej\u00f3 en cenizas parte de la casa del atleta de la selecci\u00f3n de boxeo Leonel de los Santos, seg\u00fan inform\u00f3 a este medio v\u00eda telef\u00f3nica el propio afectado.<\/p>\n<p>De los Santos notific\u00f3 que el fuego se produjo la tarde de este viernes luego de un corto circuito, que se propag\u00f3 en su residencia, ubicada en el sector de Catanga, de Los mina.<\/p>\n<p><img decoding=\"async\" loading=\"lazy\" class=\"wp-image-56794 alignleft\" src=\"https:\/\/storage.googleapis.com\/colimdo-media\/2019\/06\/64cef22b-img-20190628-wa0101-768x1024.jpg\" alt=\"\" width=\"336\" height=\"448\" srcset=\"https:\/\/colimdo.org\/wp-content\/uploads\/2019\/06\/64cef22b-img-20190628-wa0101-768x1024.jpg 768w, https:\/\/colimdo.org\/wp-content\/uploads\/2019\/06\/64cef22b-img-20190628-wa0101-225x300.jpg 225w, https:\/\/colimdo.org\/wp-content\/uploads\/2019\/06\/64cef22b-img-20190628-wa0101-160x213.jpg 160w, https:\/\/colimdo.org\/wp-content\/uploads\/2019\/06\/64cef22b-img-20190628-wa0101-200x266.jpg 200w, https:\/\/colimdo.org\/wp-content\/uploads\/2019\/06\/64cef22b-img-20190628-wa0101-170x227.jpg 170w, https:\/\/colimdo.org\/wp-content\/uploads\/2019\/06\/64cef22b-img-20190628-wa0101-209x279.jpg 209w, https:\/\/colimdo.org\/wp-content\/uploads\/2019\/06\/64cef22b-img-20190628-wa0101-150x200.jpg 150w, https:\/\/colimdo.org\/wp-content\/uploads\/2019\/06\/64cef22b-img-20190628-wa0101-297x396.jpg 297w, https:\/\/colimdo.org\/wp-content\/uploads\/2019\/06\/64cef22b-img-20190628-wa0101-94x125.jpg 94w, https:\/\/colimdo.org\/wp-content\/uploads\/2019\/06\/64cef22b-img-20190628-wa0101-461x614.jpg 461w, https:\/\/colimdo.org\/wp-content\/uploads\/2019\/06\/64cef22b-img-20190628-wa0101.jpg 960w\" sizes=\"(max-width: 336px) 100vw, 336px\" \/><\/p>\n<div class=\"banner-contenido\">El fuego destruy\u00f3 casi todas las pertenencias De los Santos, entre ellas las medallas ganadas por el p\u00fagil criollo. As\u00ed como parte de la edificaci\u00f3n.<\/div>\n<div>\n<p>De los Santos lament\u00f3 que no pudo estar junto a su esposa y sus hijos en el lamentable hecho, ya que se encuentra en una base de entrenamientos en Colombia, con miras a los Juegos Panamericanos.<\/p>\n<p>\u201cGracias a Dios mi familia est\u00e1 bien, ya que al momento del fuego mi esposa e hijos estuvieron en una habitaci\u00f3n y unos vecinos la sacaron, por esa parte estoy tranquilo\u201d, narr\u00f3.<\/p>\n<p>Indic\u00f3 que su esposa e hijos vivir\u00e1n por el momento con su suegra, mientras se resuelve el tema de su casa.<\/p>\n<p>\u201cMe llam\u00f3 el presidente de la Federaci\u00f3n de Boxeo, Juan Vargas, quien me inform\u00f3 que no me preocupe que me va a ayudar. Me dijo que me est\u00e9 tranquilo y que me siga preparando para los Juegos Panamericanos\u201d, sostuvo.<\/p>\n<p>Dijo que espera la ayuda tambi\u00e9n de las autoridades para que le colaboren en este momento tan dif\u00edcil.<\/p>\n<p>De los Santos particip\u00f3 en los pasados Juegos Ol\u00edmpicos de R\u00edo, en el 2016.<\/p>\n<\/div>\n","protected":false},"excerpt":{"rendered":"<p>El fuego destruy\u00f3 casi todas las pertenencias De los Santos, entre ellas las medallas ganadas por el p\u00fagil criollo. As\u00ed como parte de la edificaci\u00f3n.<\/p>\n","protected":false},"author":16,"featured_media":56793,"comment_status":"closed","ping_status":"closed","sticky":false,"template":"","format":"standard","meta":[],"categories":[2,60],"tags":[],"acf":[],"_links":{"self":[{"href":"https:\/\/colimdo.org\/wp-api\/wp\/v2\/posts\/56792"}],"collection":[{"href":"https:\/\/colimdo.org\/wp-api\/wp\/v2\/posts"}],"about":[{"href":"https:\/\/colimdo.org\/wp-api\/wp\/v2\/types\/post"}],"author":[{"embeddable":true,"href":"https:\/\/colimdo.org\/wp-api\/wp\/v2\/users\/16"}],"replies":[{"embeddable":true,"href":"https:\/\/colimdo.org\/wp-api\/wp\/v2\/comments?post=56792"}],"version-history":[{"count":1,"href":"https:\/\/colimdo.org\/wp-api\/wp\/v2\/posts\/56792\/revisions"}],"predecessor-version":[{"id":56795,"href":"https:\/\/colimdo.org\/wp-api\/wp\/v2\/posts\/56792\/revisions\/56795"}],"wp:featuredmedia":[{"embeddable":true,"href":"https:\/\/colimdo.org\/wp-api\/wp\/v2\/media\/56793"}],"wp:attachment":[{"href":"https:\/\/colimdo.org\/wp-api\/wp\/v2\/media?parent=56792"}],"wp:term":[{"taxonomy":"category","embeddable":true,"href":"https:\/\/colimdo.org\/wp-api\/wp\/v2\/categories?post=56792"},{"taxonomy":"post_tag","embeddable":true,"href":"https:\/\/colimdo.org\/wp-api\/wp\/v2\/tags?post=56792"}],"curies":[{"name":"wp","href":"https:\/\/api.w.org\/{rel}","templated":true}]}}