{"id":56808,"date":"2019-06-29T18:33:11","date_gmt":"2019-06-29T18:33:11","guid":{"rendered":"https:\/\/colimdo.org\/?p=56808"},"modified":"2019-06-29T18:33:15","modified_gmt":"2019-06-29T18:33:15","slug":"cod-resalta-los-valores-jornada-reforestacion-del-dia-olimpico","status":"publish","type":"post","link":"https:\/\/colimdo.org\/noticias\/cod-resalta-los-valores-jornada-reforestacion-del-dia-olimpico\/","title":{"rendered":"COD resalta los valores en jornada reforestaci\u00f3n del D\u00eda Ol\u00edmpico"},"content":{"rendered":"<p><b><span lang=\"ES-DO\">NAGUA<\/span><\/b><span lang=\"ES-DO\">. \u201cQueremos sembrar los valores que indican los cinco aros del olimpismo\u201d. As\u00ed se expres\u00f3 el licenciado Luis Mej\u00eda Oviedo en la jornada de reforestaci\u00f3n del D\u00eda Ol\u00edmpico este s\u00e1bado en esta ciudad.<\/span><\/p>\n<p><span lang=\"ES-DO\">Mej\u00eda, presidente del Comit\u00e9 Ol\u00edmpico Dominicano (COD), destac\u00f3 la integraci\u00f3n de los ni\u00f1os y j\u00f3venes a la siembra de \u00e1rboles realizada en el Parque Ecol\u00f3gico de Nagua.<\/span><\/p>\n<p><span lang=\"ES-DO\">\u201cEs el momento de integrar a todo el movimiento deportivo\u201d, agreg\u00f3 Mej\u00eda, quien resalt\u00f3 el despliegue de actividades que se mont\u00f3 en Nagua con la integraci\u00f3n de los distintos sectores, incluidos ni\u00f1os y j\u00f3venes.<\/span><\/p>\n<p><span lang=\"ES-DO\">El presidente de la Uni\u00f3n Deportiva de Nagua, Fidias David Garc\u00eda Cuevas, mostr\u00f3 su satisfacci\u00f3n por el apoyo de los distintos sectores de Nagua y del COD para hacer posible la celebraci\u00f3n del D\u00eda Ol\u00edmpico.<\/span><\/p>\n<p><span lang=\"ES-DO\">En la jornada de reforestaci\u00f3n, el t\u00e9cnico ambiental Esteban J\u00e0quez manifest\u00f3 que los deportistas de la provincia se comprometieron a plantar de tres mil a cinco mil \u00e1rboles en el Parque Ecol\u00f3gico cuando las condiciones clim\u00e1ticas lo permitan.<\/span><\/p>\n<p><span lang=\"ES-DO\">El experto ambiental indic\u00f3 que los deportistas plantar\u00e1n especies nativas como Juan Primero, algarrobas y uvas.<\/span><\/p>\n<p><span lang=\"ES-DO\">\u201cEl Medio Ambiente es parte de la salud\u201d, asegur\u00f3 J\u00e0quez, quien explic\u00f3 que se llev\u00f3 a cabo una siembra simb\u00f3lica de uvas por la sequ\u00eda que afecta al lugar.<\/span><\/p>\n<p><span lang=\"ES-DO\">La Jornada de Reforestaci\u00f3n dio inicio a las actividades de la celebraci\u00f3n del D\u00eda Ol\u00edmpico en Nagua, provincia Mar\u00eda Trinidad S\u00e1nchez, con el apoyo del programa Solidaridad Ol\u00edmpica.<\/span><\/p>\n<p><span lang=\"ES-DO\">En la actividad estuvieron el licenciado Gilberto Garc\u00eda, director del programa Solidaridad Ol\u00edmpica; el profesor Luis Elpidio Cumba, Nathaly V\u00e1squez, presidenta de Nueva Vida sin Barreras, Luis Chanlatte, as\u00ed como autoridades y deportistas de Nagua.<\/span><\/p>\n","protected":false},"excerpt":{"rendered":"<p>Mej\u00eda, presidente del Comit\u00e9 Ol\u00edmpico Dominicano (COD), destac\u00f3 la integraci\u00f3n de los ni\u00f1os y j\u00f3venes a la siembra de \u00e1rboles realizada en el Parque Ecol\u00f3gico de Nagua.<\/p>\n","protected":false},"author":16,"featured_media":56809,"comment_status":"closed","ping_status":"closed","sticky":false,"template":"","format":"standard","meta":[],"categories":[2,60],"tags":[],"acf":[],"_links":{"self":[{"href":"https:\/\/colimdo.org\/wp-api\/wp\/v2\/posts\/56808"}],"collection":[{"href":"https:\/\/colimdo.org\/wp-api\/wp\/v2\/posts"}],"about":[{"href":"https:\/\/colimdo.org\/wp-api\/wp\/v2\/types\/post"}],"author":[{"embeddable":true,"href":"https:\/\/colimdo.org\/wp-api\/wp\/v2\/users\/16"}],"replies":[{"embeddable":true,"href":"https:\/\/colimdo.org\/wp-api\/wp\/v2\/comments?post=56808"}],"version-history":[{"count":1,"href":"https:\/\/colimdo.org\/wp-api\/wp\/v2\/posts\/56808\/revisions"}],"predecessor-version":[{"id":56810,"href":"https:\/\/colimdo.org\/wp-api\/wp\/v2\/posts\/56808\/revisions\/56810"}],"wp:featuredmedia":[{"embeddable":true,"href":"https:\/\/colimdo.org\/wp-api\/wp\/v2\/media\/56809"}],"wp:attachment":[{"href":"https:\/\/colimdo.org\/wp-api\/wp\/v2\/media?parent=56808"}],"wp:term":[{"taxonomy":"category","embeddable":true,"href":"https:\/\/colimdo.org\/wp-api\/wp\/v2\/categories?post=56808"},{"taxonomy":"post_tag","embeddable":true,"href":"https:\/\/colimdo.org\/wp-api\/wp\/v2\/tags?post=56808"}],"curies":[{"name":"wp","href":"https:\/\/api.w.org\/{rel}","templated":true}]}}