{"id":56814,"date":"2019-06-29T21:45:05","date_gmt":"2019-06-29T21:45:05","guid":{"rendered":"https:\/\/colimdo.org\/?p=56814"},"modified":"2019-06-29T21:45:28","modified_gmt":"2019-06-29T21:45:28","slug":"dulce-maria-pina-llama-la-mujer-integrarse-la-direccion-deportiva","status":"publish","type":"post","link":"https:\/\/colimdo.org\/noticias\/dulce-maria-pina-llama-la-mujer-integrarse-la-direccion-deportiva\/","title":{"rendered":"Dulce Mar\u00eda Pi\u00f1a llama a la mujer a integrarse a la direcci\u00f3n deportiva"},"content":{"rendered":"<p><b><span lang=\"ES-DO\">NAGUA<\/span><\/b><span lang=\"ES-DO\">. La directora de la Comisi\u00f3n Mujer y Deporte, la inmortal Dulce Mar\u00eda Pi\u00f1a, llam\u00f3 a las mujeres a la integraci\u00f3n como una forma de lograr posiciones en la direcci\u00f3n deportiva.<\/span><\/p>\n<p><span lang=\"ES-DO\">Al ofrecer la charla \u201cHistoria de la Mujer en el deporte, el ayer, el presente y la proyecci\u00f3n\u201d, Pi\u00f1a consider\u00f3 que la mujer debe capacitarse para lograr sus objetivos.<\/span><\/p>\n<p><span lang=\"ES-DO\">La charla de motivaci\u00f3n, celebrada en el segundo nivel de la Reposter\u00eda Lissette, form\u00f3 parte del programa de actividades del D\u00eda Ol\u00edmpico celebrada en Nagua con motivo de la conmemoraci\u00f3n del 125 aniversario de fundado del Comit\u00e9 Ol\u00edmpico Internacional (COI).<\/span><\/p>\n<p><span lang=\"ES-CR\">En la actividad tambi\u00e9n tomaron parte las ex deportistas Dinanyery Furcal y Ana Montilla, integrantes de la Comisi\u00f3n Mujer y Deporte del COD.<\/span><\/p>\n<p><span lang=\"ES-CR\">Previo al inicio de la charla, el licenciado Luis Chanlatte, miembro del programa Solidaridad Ol\u00edmpica, invit\u00f3 a las participantes en el encuentro a asimilar los conocimientos de motivaci\u00f3n.<\/span><\/p>\n<p><span lang=\"ES-CR\">Indic\u00f3 que, al convertirse la provincia Mar\u00eda Trinidad S\u00e1nchez la ciudad de ol\u00edmpica, es oportuno asumir todas las actividades como un gran compromiso.<\/span><\/p>\n<p><span lang=\"ES-CR\">En el encuentro tambi\u00e9n habl\u00f3 Fidia David Garc\u00eda Cuevas, presidente de la Uni\u00f3n Deportiva de Nagua, quien agradeci\u00f3 al Comit\u00e9 Ol\u00edmpico Dominicano por el apoyo para que el D\u00eda Ol\u00edmpico fuera una realidad en ese municipio.<\/span><\/p>\n<p><span lang=\"ES-CR\">En la actividad, la segunda correspondiente al D\u00eda Ol\u00edmpico, estuvieron adem\u00e1s los miembros del comit\u00e9 ejecutivo del COD, Luis Mej\u00eda Oviedo, Antonio Acosta, Gilberto Garc\u00eda, Nelson Jos\u00e9 Ram\u00edrez, Jos\u00e9 Luis Ram\u00edrez y Luis Elpidio Cumba, entre otros.<\/span><\/p>\n","protected":false},"excerpt":{"rendered":"<p>Al ofrecer la charla \u201cHistoria de la Mujer en el deporte, el ayer, el presente y la proyecci\u00f3n\u201d, Pi\u00f1a consider\u00f3 que la mujer debe capacitarse para lograr sus objetivos.<\/p>\n","protected":false},"author":16,"featured_media":56815,"comment_status":"closed","ping_status":"closed","sticky":false,"template":"","format":"standard","meta":[],"categories":[2,60],"tags":[],"acf":[],"_links":{"self":[{"href":"https:\/\/colimdo.org\/wp-api\/wp\/v2\/posts\/56814"}],"collection":[{"href":"https:\/\/colimdo.org\/wp-api\/wp\/v2\/posts"}],"about":[{"href":"https:\/\/colimdo.org\/wp-api\/wp\/v2\/types\/post"}],"author":[{"embeddable":true,"href":"https:\/\/colimdo.org\/wp-api\/wp\/v2\/users\/16"}],"replies":[{"embeddable":true,"href":"https:\/\/colimdo.org\/wp-api\/wp\/v2\/comments?post=56814"}],"version-history":[{"count":1,"href":"https:\/\/colimdo.org\/wp-api\/wp\/v2\/posts\/56814\/revisions"}],"predecessor-version":[{"id":56816,"href":"https:\/\/colimdo.org\/wp-api\/wp\/v2\/posts\/56814\/revisions\/56816"}],"wp:featuredmedia":[{"embeddable":true,"href":"https:\/\/colimdo.org\/wp-api\/wp\/v2\/media\/56815"}],"wp:attachment":[{"href":"https:\/\/colimdo.org\/wp-api\/wp\/v2\/media?parent=56814"}],"wp:term":[{"taxonomy":"category","embeddable":true,"href":"https:\/\/colimdo.org\/wp-api\/wp\/v2\/categories?post=56814"},{"taxonomy":"post_tag","embeddable":true,"href":"https:\/\/colimdo.org\/wp-api\/wp\/v2\/tags?post=56814"}],"curies":[{"name":"wp","href":"https:\/\/api.w.org\/{rel}","templated":true}]}}