{"id":56817,"date":"2019-06-29T18:06:36","date_gmt":"2019-06-29T18:06:36","guid":{"rendered":"https:\/\/colimdo.org\/?p=56817"},"modified":"2019-06-29T18:06:36","modified_gmt":"2019-06-29T18:06:36","slug":"carlos-adames-gana-pelea-dedico-david-ortiz-lleva-18-victorias-seguidas","status":"publish","type":"post","link":"https:\/\/colimdo.org\/noticias\/carlos-adames-gana-pelea-dedico-david-ortiz-lleva-18-victorias-seguidas\/","title":{"rendered":"Carlos Adames gana pelea dedic\u00f3 a David Ortiz y lleva 18 victorias seguidas"},"content":{"rendered":"<p>DIARIO LIBRE.- El boxeador de peso welter dominicano Carlos Adames derrot\u00f3 a Patrick Day por decisi\u00f3n un\u00e1nime el viernes por la noche en en Temecula, California y celebr\u00f3 su triunfo mostrando una camisa del ex pelotero David Ortiz, la cual se puso luego de escuchar el veredicto final.<\/p>\n<p>\u201cEl Big Papi\u201d se recupera en el Hospital General de Massachusetts, Boston, de una herida de bala que sufri\u00f3 la noche del domingo 9 de junio, en un centro de diversi\u00f3n de Santo Domingo Este en su natal Rep\u00fablica Dominicana.<\/p>\n<p>Dedic\u00f3 la victoria al ex pelotero y le deseo pronta mejor\u00eda y adem\u00e1s envi\u00f3 mensajes de unidad, amor y respeto para los dominicanos.<\/p>\n<p>Adames tiene r\u00e9cord de 18-0. Su combate fue preliminar al enfrentamiento en peso ligero de Richard Commey y Raymundo Beltran.<\/p>\n<p>El peleador tambi\u00e9n previo al combate, entr\u00f3 con una t\u00fanica con el tema de Ortiz.<\/p>\n","protected":false},"excerpt":{"rendered":"<p>Dedic\u00f3 la victoria al ex pelotero y le deseo pronta mejor\u00eda y adem\u00e1s envi\u00f3 mensajes de unidad, amor y respeto para los dominicanos.<\/p>\n","protected":false},"author":16,"featured_media":56818,"comment_status":"closed","ping_status":"closed","sticky":false,"template":"","format":"standard","meta":[],"categories":[2,60],"tags":[],"acf":[],"_links":{"self":[{"href":"https:\/\/colimdo.org\/wp-api\/wp\/v2\/posts\/56817"}],"collection":[{"href":"https:\/\/colimdo.org\/wp-api\/wp\/v2\/posts"}],"about":[{"href":"https:\/\/colimdo.org\/wp-api\/wp\/v2\/types\/post"}],"author":[{"embeddable":true,"href":"https:\/\/colimdo.org\/wp-api\/wp\/v2\/users\/16"}],"replies":[{"embeddable":true,"href":"https:\/\/colimdo.org\/wp-api\/wp\/v2\/comments?post=56817"}],"version-history":[{"count":1,"href":"https:\/\/colimdo.org\/wp-api\/wp\/v2\/posts\/56817\/revisions"}],"predecessor-version":[{"id":56819,"href":"https:\/\/colimdo.org\/wp-api\/wp\/v2\/posts\/56817\/revisions\/56819"}],"wp:featuredmedia":[{"embeddable":true,"href":"https:\/\/colimdo.org\/wp-api\/wp\/v2\/media\/56818"}],"wp:attachment":[{"href":"https:\/\/colimdo.org\/wp-api\/wp\/v2\/media?parent=56817"}],"wp:term":[{"taxonomy":"category","embeddable":true,"href":"https:\/\/colimdo.org\/wp-api\/wp\/v2\/categories?post=56817"},{"taxonomy":"post_tag","embeddable":true,"href":"https:\/\/colimdo.org\/wp-api\/wp\/v2\/tags?post=56817"}],"curies":[{"name":"wp","href":"https:\/\/api.w.org\/{rel}","templated":true}]}}