{"id":56820,"date":"2019-06-29T18:28:58","date_gmt":"2019-06-29T18:28:58","guid":{"rendered":"https:\/\/colimdo.org\/?p=56820"},"modified":"2019-06-29T18:28:58","modified_gmt":"2019-06-29T18:28:58","slug":"roger-federer-big3-nos-empujamos-lograr-mejores-exitos","status":"publish","type":"post","link":"https:\/\/colimdo.org\/noticias\/roger-federer-big3-nos-empujamos-lograr-mejores-exitos\/","title":{"rendered":"Roger Federer, sobre el Big3: &#8220;Nos empujamos a lograr mejores \u00e9xitos&#8221;"},"content":{"rendered":"<p>EFE. Roger Federer explic\u00f3 en rueda de prensa que el llamado\u00a0<em>Big Three<\/em>, compuesto por \u00e9l mismo, Rafael Nadal y Novak Djokovic, ha empujado a cada uno de ellos a conseguir mejores \u00e9xitos.<\/p>\n<p>&#8220;Es divertido, porque siempre pens\u00e1s que nos hemos quitado cosas entre nosotros, lo cual probablemente sea cierto. Pero, al mismo tiempo, tambi\u00e9n nos hemos empujado a lograr mejores \u00e9xitos, a que Rafa mejorara en hierba, Novak en pista dura, yo, no s\u00e9, quiz\u00e1s en tierra&#8221;, explic\u00f3 el helv\u00e9tico en Wimbledon.<\/p>\n<p>&#8220;Definitivamente creo que nos hemos vuelto mejores por los otros. No s\u00e9 si seguir\u00edamos jugando si hubi\u00e9ramos jugado en \u00e9pocas diferentes&#8221;, agreg\u00f3.<\/p>\n<p>El n\u00famero tres del mundo partir\u00e1 como segundo cabeza de serie en Wimbledon, beneficiado por el sistema del tercer Grand Slam de la temporada que recompensa a los jugadores que mejor lo hacen en pasto. Esta f\u00f3rmula ha sido criticada por Nadal, quien cree que no es justa, sin embargo, el suizo apunt\u00f3 que es un sistema que lleva ya tiempo y ante el que los jugadores no pueden hacer nada.<\/p>\n<p>&#8220;El sistema te beneficia por jugar mucho en c\u00e9sped y por jugar bien. Me he beneficiado de ello. Lo que ha pasado es que este a\u00f1o he subido, igual que Kevin Anderson lo ha hecho. Hace tiempo, era m\u00e1s complicado. Jugadores que eran cabezas de serie dejaban de serlo. Eso era una historia m\u00e1s grande que esta. Lo que pasa es que Rafa ha bajado y entonces eso crea la noticia&#8221;, complet\u00f3.<\/p>\n<aside class=\"inline inline-photo full\">\n<figure><picture><source srcset=\"https:\/\/a3.espncdn.com\/combiner\/i?img=%2Fdeportes%2F2003%2Fphotos2017%2F0708%2Fg_federer_1296.jpg&amp;w=570&amp;format=jpg, https:\/\/a3.espncdn.com\/combiner\/i?img=%2Fdeportes%2F2003%2Fphotos2017%2F0708%2Fg_federer_1296.jpg&amp;w=1140&amp;cquality=40&amp;format=jpg 2x\" media=\"(min-width: 376px)\" data-srcset=\"https:\/\/a3.espncdn.com\/combiner\/i?img=%2Fdeportes%2F2003%2Fphotos2017%2F0708%2Fg_federer_1296.jpg&amp;w=570&amp;format=jpg, https:\/\/a3.espncdn.com\/combiner\/i?img=%2Fdeportes%2F2003%2Fphotos2017%2F0708%2Fg_federer_1296.jpg&amp;w=1140&amp;cquality=40&amp;format=jpg 2x\" \/><source srcset=\"https:\/\/a3.espncdn.com\/combiner\/i?img=%2Fdeportes%2F2003%2Fphotos2017%2F0708%2Fg_federer_1296.jpg&amp;w=375, https:\/\/a3.espncdn.com\/combiner\/i?img=%2Fdeportes%2F2003%2Fphotos2017%2F0708%2Fg_federer_1296.jpg&amp;w=750&amp;cquality=40&amp;format=jpg 2x\" media=\"(max-width: 375px)\" data-srcset=\"https:\/\/a3.espncdn.com\/combiner\/i?img=%2Fdeportes%2F2003%2Fphotos2017%2F0708%2Fg_federer_1296.jpg&amp;w=375, https:\/\/a3.espncdn.com\/combiner\/i?img=%2Fdeportes%2F2003%2Fphotos2017%2F0708%2Fg_federer_1296.jpg&amp;w=750&amp;cquality=40&amp;format=jpg 2x\" \/><\/picture><\/figure>\n<\/aside>\n","protected":false},"excerpt":{"rendered":"<p>Roger Federer explic\u00f3 en rueda de prensa que el llamado\u00a0Big Three, compuesto por \u00e9l mismo, Rafael Nadal y Novak Djokovic, ha empujado a cada uno de ellos a conseguir mejores \u00e9xitos.<\/p>\n","protected":false},"author":16,"featured_media":56821,"comment_status":"closed","ping_status":"closed","sticky":false,"template":"","format":"standard","meta":[],"categories":[2,60],"tags":[],"acf":[],"_links":{"self":[{"href":"https:\/\/colimdo.org\/wp-api\/wp\/v2\/posts\/56820"}],"collection":[{"href":"https:\/\/colimdo.org\/wp-api\/wp\/v2\/posts"}],"about":[{"href":"https:\/\/colimdo.org\/wp-api\/wp\/v2\/types\/post"}],"author":[{"embeddable":true,"href":"https:\/\/colimdo.org\/wp-api\/wp\/v2\/users\/16"}],"replies":[{"embeddable":true,"href":"https:\/\/colimdo.org\/wp-api\/wp\/v2\/comments?post=56820"}],"version-history":[{"count":1,"href":"https:\/\/colimdo.org\/wp-api\/wp\/v2\/posts\/56820\/revisions"}],"predecessor-version":[{"id":56822,"href":"https:\/\/colimdo.org\/wp-api\/wp\/v2\/posts\/56820\/revisions\/56822"}],"wp:featuredmedia":[{"embeddable":true,"href":"https:\/\/colimdo.org\/wp-api\/wp\/v2\/media\/56821"}],"wp:attachment":[{"href":"https:\/\/colimdo.org\/wp-api\/wp\/v2\/media?parent=56820"}],"wp:term":[{"taxonomy":"category","embeddable":true,"href":"https:\/\/colimdo.org\/wp-api\/wp\/v2\/categories?post=56820"},{"taxonomy":"post_tag","embeddable":true,"href":"https:\/\/colimdo.org\/wp-api\/wp\/v2\/tags?post=56820"}],"curies":[{"name":"wp","href":"https:\/\/api.w.org\/{rel}","templated":true}]}}