{"id":56826,"date":"2019-06-29T21:39:23","date_gmt":"2019-06-29T21:39:23","guid":{"rendered":"https:\/\/colimdo.org\/?p=56826"},"modified":"2019-06-29T21:39:23","modified_gmt":"2019-06-29T21:39:23","slug":"rd-lleva-11-medallas-campeonato-panamericano-sambo","status":"publish","type":"post","link":"https:\/\/colimdo.org\/noticias\/rd-lleva-11-medallas-campeonato-panamericano-sambo\/","title":{"rendered":"RD lleva 11 medallas en Campeonato Panamericano de sambo"},"content":{"rendered":"<p>SANTO DOMINGO. Once medallas, incluyendo dos de oro y cinco de plata tiene la Rep\u00fablica Dominicana en el Campeonato Panamericano de Sambo, evento que se desarrolla con \u00e9xito en el pabell\u00f3n de balonmano del Parque del Este y termina este domingo en Boca Chica.<\/p>\n<p>Ruth Montero se llev\u00f3 el oro en los 72 kilogramos de la modalidad de sambo deportivo femenino, al disponer de la mexicana Nancy Hern\u00e1ndez, a quien venci\u00f3 sin mucho esfuerzo.<\/p>\n<p>Mienbras que en sambo de combat masculino, el dominicano Carlos Matos se llev\u00f3 el metal dorado en los 100 kilos, tras disponer de Jaime Giraldo, de Colombia.<\/p>\n<p>Con la presea plateada se quedaron, Julia Quiterio, en los 48 kilogramos: Leleydy D\u00edaz, en los 56 kilos; en los 64 kilogramos, Mary Paniagua se conform\u00f3 con el segundo lugar y en los 70 kilos, Marian Garc\u00eda, obtuvo la medalla de plata, en tanto que en combat masculino Orlando Peralta gan\u00f3 la plata en m\u00e1s de 80 kilos.<\/p>\n<p><b>Concluye este domingo<\/b><\/p>\n<p>El Campeonato Panamericano de Sambo concluye con la celebraci\u00f3n del evento de playa, en Boca Chica, que comenzar\u00e1 a partir de las diez de la ma\u00f1ana este domingo. Se ha desarrollado con el \u00e9xito esperado por la Federaci\u00f3n Dominicana de Sambo, seg\u00fan lo explic\u00f3 su presidente, Eliseo Romero.<\/p>\n<p>El certamen es organizado por la Federaci\u00f3n Dominicana de la disciplina, con el aval de la Federaci\u00f3n Internacional de Sambo (FIAS) y el respaldo de los Ministerios de Deportes e Industria y Comercio, el Comit\u00e9 Ol\u00edmpico Dominicano, el Ministerio de la Juventud, entre otras empresas.<\/p>\n<p>Entre los ejecutivos de la FIAS que est\u00e1n en el evento figuran, el vicepresidente y presidente de la Federaci\u00f3n Rusa, as\u00ed como presidente dela Federaci\u00f3n Europea, Sergey Eliseev, Michael Buchel y Oleq Artemyuk.<\/p>\n","protected":false},"excerpt":{"rendered":"<p>El Campeonato Panamericano de sambo concluye con la celebraci\u00f3n del evento de playa, en Boca Chica, que comenzar\u00e1 a partir de las diez del domingo<\/p>\n","protected":false},"author":16,"featured_media":56827,"comment_status":"closed","ping_status":"closed","sticky":false,"template":"","format":"standard","meta":[],"categories":[2,60],"tags":[],"acf":[],"_links":{"self":[{"href":"https:\/\/colimdo.org\/wp-api\/wp\/v2\/posts\/56826"}],"collection":[{"href":"https:\/\/colimdo.org\/wp-api\/wp\/v2\/posts"}],"about":[{"href":"https:\/\/colimdo.org\/wp-api\/wp\/v2\/types\/post"}],"author":[{"embeddable":true,"href":"https:\/\/colimdo.org\/wp-api\/wp\/v2\/users\/16"}],"replies":[{"embeddable":true,"href":"https:\/\/colimdo.org\/wp-api\/wp\/v2\/comments?post=56826"}],"version-history":[{"count":1,"href":"https:\/\/colimdo.org\/wp-api\/wp\/v2\/posts\/56826\/revisions"}],"predecessor-version":[{"id":56828,"href":"https:\/\/colimdo.org\/wp-api\/wp\/v2\/posts\/56826\/revisions\/56828"}],"wp:featuredmedia":[{"embeddable":true,"href":"https:\/\/colimdo.org\/wp-api\/wp\/v2\/media\/56827"}],"wp:attachment":[{"href":"https:\/\/colimdo.org\/wp-api\/wp\/v2\/media?parent=56826"}],"wp:term":[{"taxonomy":"category","embeddable":true,"href":"https:\/\/colimdo.org\/wp-api\/wp\/v2\/categories?post=56826"},{"taxonomy":"post_tag","embeddable":true,"href":"https:\/\/colimdo.org\/wp-api\/wp\/v2\/tags?post=56826"}],"curies":[{"name":"wp","href":"https:\/\/api.w.org\/{rel}","templated":true}]}}