{"id":56833,"date":"2019-06-29T22:58:16","date_gmt":"2019-06-29T22:58:16","guid":{"rendered":"https:\/\/colimdo.org\/?p=56833"},"modified":"2019-06-29T22:58:16","modified_gmt":"2019-06-29T22:58:16","slug":"serena-williams-se-ofrece-companera-andy-murray-dobles-mixto","status":"publish","type":"post","link":"https:\/\/colimdo.org\/noticias\/serena-williams-se-ofrece-companera-andy-murray-dobles-mixto\/","title":{"rendered":"Serena Williams se ofrece como compa\u00f1era de Andy Murray en el dobles mixto"},"content":{"rendered":"<p class=\"canvas-atom canvas-text Mb(1.0em) Mb(0)--sm Mt(0.8em)--sm\">Londres, 29 jun (EFE).- La estadounidense Serena Williams se ofreci\u00f3 este s\u00e1bado como posible compa\u00f1era del brit\u00e1nico Andy Murray para jugar el dobles mixto en Wimbledon.<\/p>\n<p class=\"canvas-atom canvas-text Mb(1.0em) Mb(0)--sm Mt(0.8em)--sm\">&#8220;Estoy disponible&#8221;, dijo la norteamericana. &#8220;Me encuentro mejor ahora, as\u00ed que estoy definitivamente disponible&#8221;, asegur\u00f3 Williams, quien no compite desde el pasado torneo de Roland Garros.<\/p>\n<p class=\"canvas-atom canvas-text Mb(1.0em) Mb(0)--sm Mt(0.8em)--sm\">Murray, quien jugar\u00e1 en dobles junto al franc\u00e9s Pierre-Hugues, ha estado buscando sin \u00e9xito una pareja para el mixto, con varias jugadoras ofreci\u00e9ndose a ello.<\/p>\n<p class=\"canvas-atom canvas-text Mb(1.0em) Mb(0)--sm Mt(0.8em)--sm\">La menor de las Williams pas\u00f3 por la rueda de prensa del All England Club y explic\u00f3 que a lo largo del a\u00f1o ha sufrido varias lesiones y que no ha podido jugar mucho, pero puso en suspense su participaci\u00f3n en el mixto en funci\u00f3n de c\u00f3mo est\u00e9 su rodilla.<\/p>\n<p class=\"canvas-atom canvas-text Mb(1.0em) Mb(0)--sm Mt(0.8em)--sm\">La americana ha preparado el asalto al vig\u00e9simo cuarto Grand Slam las \u00faltimas semanas en las pistas de hierba de Eastbourne y Birmingham y debutar\u00e1 contra la italiana Giulia Gatto-Monticone.<\/p>\n","protected":false},"excerpt":{"rendered":"<p>&#8220;Estoy disponible&#8221;, dijo la norteamericana. &#8220;Me encuentro mejor ahora, as\u00ed que estoy definitivamente disponible&#8221;, asegur\u00f3 Williams, quien no compite desde el pasado torneo de Roland Garros.<\/p>\n","protected":false},"author":16,"featured_media":56834,"comment_status":"closed","ping_status":"closed","sticky":false,"template":"","format":"standard","meta":[],"categories":[2,60],"tags":[],"acf":[],"_links":{"self":[{"href":"https:\/\/colimdo.org\/wp-api\/wp\/v2\/posts\/56833"}],"collection":[{"href":"https:\/\/colimdo.org\/wp-api\/wp\/v2\/posts"}],"about":[{"href":"https:\/\/colimdo.org\/wp-api\/wp\/v2\/types\/post"}],"author":[{"embeddable":true,"href":"https:\/\/colimdo.org\/wp-api\/wp\/v2\/users\/16"}],"replies":[{"embeddable":true,"href":"https:\/\/colimdo.org\/wp-api\/wp\/v2\/comments?post=56833"}],"version-history":[{"count":1,"href":"https:\/\/colimdo.org\/wp-api\/wp\/v2\/posts\/56833\/revisions"}],"predecessor-version":[{"id":56835,"href":"https:\/\/colimdo.org\/wp-api\/wp\/v2\/posts\/56833\/revisions\/56835"}],"wp:featuredmedia":[{"embeddable":true,"href":"https:\/\/colimdo.org\/wp-api\/wp\/v2\/media\/56834"}],"wp:attachment":[{"href":"https:\/\/colimdo.org\/wp-api\/wp\/v2\/media?parent=56833"}],"wp:term":[{"taxonomy":"category","embeddable":true,"href":"https:\/\/colimdo.org\/wp-api\/wp\/v2\/categories?post=56833"},{"taxonomy":"post_tag","embeddable":true,"href":"https:\/\/colimdo.org\/wp-api\/wp\/v2\/tags?post=56833"}],"curies":[{"name":"wp","href":"https:\/\/api.w.org\/{rel}","templated":true}]}}