{"id":56864,"date":"2019-06-30T19:15:53","date_gmt":"2019-06-30T19:15:53","guid":{"rendered":"https:\/\/colimdo.org\/?p=56864"},"modified":"2019-06-30T19:15:53","modified_gmt":"2019-06-30T19:15:53","slug":"gobierno-rd-reparara-vivienda-boxeador-leonel-los-santos","status":"publish","type":"post","link":"https:\/\/colimdo.org\/noticias\/gobierno-rd-reparara-vivienda-boxeador-leonel-los-santos\/","title":{"rendered":"Gobierno RD reparar\u00e1 vivienda de boxeador Leonel de los Santos"},"content":{"rendered":"<p>SANTO DOMINGO. El Instituto Nacional de la Vivienda (INVI) se comprometi\u00f3 a reparar la casa del atleta de la selecci\u00f3n de boxeo Leonel de los Santos, que fue afectada por un incendio el pasado viernes, en el sector de Katanga, de Los Mina, en Santo Domingo Este.<\/p>\n<div id=\"\" class=\"portlet-boundary portlet-static-end content-viewer-portlet last full-access norestricted\">\n<div class=\"text\">\n<div class=\"paragraph\">\n<p>Tras enterarse de lo sucedido, Mayobanex Escoto, director general del INVI, instruy\u00f3 una comisi\u00f3n de la instituci\u00f3n, encabezada por Renzo Cuevas, director de Construcci\u00f3n y Proyectos, para realizar los levantamientos de lugar y proceder a la reparaci\u00f3n de la vivienda.<\/p>\n<p>\u201cVamos a cambiar los techos, cambiar todo el tendido el\u00e9ctrico, levantar las paredes que se requieran, reparar la cocina y el ba\u00f1o. Nosotros le vamos a entregar una casa pr\u00e1cticamente nueva a Leonel\u201d, indic\u00f3 Cuevas.<\/p>\n<p>En compa\u00f1\u00eda de Mar\u00eda Garc\u00eda, enlace entre los atletas de alto rendimiento y el Ministerio de Deportes (MIDEREC), el director de Construcci\u00f3n y Proyectos del INVI se comunicaron con De Los Santos, quien se encuentra en\u00a0<b>Colombia\u00a0<\/b>recibiendo una base de entrenamientos con miras a los\u00a0<b>Juegos Panamericanos<\/b>, para que no tenga que preocupar sobre el estado de salud de su familia y las circunstancias en la que se encuentra su vivienda.<\/p>\n<p>De los Santos lament\u00f3 no poder estar junto a su esposa y sus hijos en el lamentable hecho y aprovech\u00f3 el momento para agradecer al director del INVI, Mayobanex Escoto, por ir en auxilio r\u00e1pidamente de su familia.<\/p>\n<p>\u201cAhora estoy m\u00e1s tranquilo, al saber que cuando regrese tendr\u00e9 un lugar donde vivir y no las cenizas en las que qued\u00f3 mi casa\u201d, dijo a trav\u00e9s de una nota de prensa del INVI.<\/p>\n<p>De los Santos particip\u00f3 en los pasados\u00a0<b>Juegos Ol\u00edmpicos de R\u00edo,<\/b>\u00a0en el 2016; en el 2017 fue reconocido como Boxeador del A\u00f1o; gan\u00f3 medalla de bronce en los pasados Juegos Centroamericanos y del Caribe, de Barranquilla 2018 y durante su carrera profesional a sumado importantes medallas que han puesto en el alto la Bandera Nacional en tierras extranjeras.<\/p>\n<\/div>\n<\/div>\n<\/div>\n<div id=\"\" class=\"portlet-boundary portlet-static-end content-viewer-portlet last full-access norestricted\"><\/div>\n<div id=\"\" class=\"portlet-boundary portlet-static-end adcontainer-portlet\"><\/div>\n","protected":false},"excerpt":{"rendered":"<p>l Instituto Nacional de la Vivienda (INVI) se comprometi\u00f3 a reparar la casa del atleta de la selecci\u00f3n de boxeo Leonel de los Santos, que fue afectada por un incendio el pasado viernes, en el sector de Katanga, de Los Mina, en Santo Domingo Este.<\/p>\n","protected":false},"author":16,"featured_media":56865,"comment_status":"closed","ping_status":"closed","sticky":false,"template":"","format":"standard","meta":[],"categories":[2,60],"tags":[],"acf":[],"_links":{"self":[{"href":"https:\/\/colimdo.org\/wp-api\/wp\/v2\/posts\/56864"}],"collection":[{"href":"https:\/\/colimdo.org\/wp-api\/wp\/v2\/posts"}],"about":[{"href":"https:\/\/colimdo.org\/wp-api\/wp\/v2\/types\/post"}],"author":[{"embeddable":true,"href":"https:\/\/colimdo.org\/wp-api\/wp\/v2\/users\/16"}],"replies":[{"embeddable":true,"href":"https:\/\/colimdo.org\/wp-api\/wp\/v2\/comments?post=56864"}],"version-history":[{"count":1,"href":"https:\/\/colimdo.org\/wp-api\/wp\/v2\/posts\/56864\/revisions"}],"predecessor-version":[{"id":56866,"href":"https:\/\/colimdo.org\/wp-api\/wp\/v2\/posts\/56864\/revisions\/56866"}],"wp:featuredmedia":[{"embeddable":true,"href":"https:\/\/colimdo.org\/wp-api\/wp\/v2\/media\/56865"}],"wp:attachment":[{"href":"https:\/\/colimdo.org\/wp-api\/wp\/v2\/media?parent=56864"}],"wp:term":[{"taxonomy":"category","embeddable":true,"href":"https:\/\/colimdo.org\/wp-api\/wp\/v2\/categories?post=56864"},{"taxonomy":"post_tag","embeddable":true,"href":"https:\/\/colimdo.org\/wp-api\/wp\/v2\/tags?post=56864"}],"curies":[{"name":"wp","href":"https:\/\/api.w.org\/{rel}","templated":true}]}}