{"id":56867,"date":"2019-06-30T19:20:45","date_gmt":"2019-06-30T19:20:45","guid":{"rendered":"https:\/\/colimdo.org\/?p=56867"},"modified":"2019-06-30T19:20:45","modified_gmt":"2019-06-30T19:20:45","slug":"inauguran-este-lunes-version-los-campeonatos-golf-amateur-del-caribe","status":"publish","type":"post","link":"https:\/\/colimdo.org\/noticias\/inauguran-este-lunes-version-los-campeonatos-golf-amateur-del-caribe\/","title":{"rendered":"Inauguran este lunes versi\u00f3n de los Campeonatos de Golf Amateur del Caribe"},"content":{"rendered":"<p class=\"x_MsoNormal\"><span lang=\"ES-DO\">LA ROMANA. &#8211; La Rep\u00fablica Dominicana ser\u00e1 sede de unos de los eventos m\u00e1s importantes de golf del Caribe, los Campeonatos de Golf Amateur, que tendr\u00e1 lugar en The Links, en Casa de Campo, desde este lunes y hasta el viernes 5 de julio, donde participar\u00e1n siete pa\u00edses y 63 atletas.<\/span><\/p>\n<p class=\"x_MsoNormal\">La Federaci\u00f3n Dominicana de Golf (Fedogolf), mediante despacho de prensa anunci\u00f3 que los pa\u00edses que tomar\u00e1n\u00a0 parte en la justa son: Bahamas, Barbados, Islas Caim\u00e1n, Jamaica, Puerto Rico, Trinidad y Tobago y el anfitri\u00f3n la Rep\u00fablica Dominicana.<\/p>\n<p class=\"x_MsoNormal\">En la justa se pondr\u00e1n en juego las copas la\u00a0Hoerman\u00a0Cup (hombres), George Teale (damas) y Arthur Ziade (Overall), inform\u00f3 Carlos Elm\u00fadesi, presidente de Fedogolf y director t\u00e9cnico del evento, quien agreg\u00f3 que este domingo se realiz\u00f3 el congresillo de la\u00a0Caribbean Golf Association(CGA).<\/p>\n<p class=\"x_MsoNormal\"><span lang=\"ES-DO\">\u00a0Agreg\u00f3 que la selecci\u00f3n criolla estar\u00e1 representada por 9 jugadores: Juan Cayro Delgado (campe\u00f3n nacional), Juan Jos\u00e9 Guerra, Enrique Valverde, Rodrigo S\u00e1nchez, Radham\u00e9s Pe\u00f1a y Ho Jing Kang jugar\u00e1n en masculino. Mientras que las damas son: Stephanie Kim, Mar\u00eda Isabel S\u00e1nchez y Camila Yoo. Francisco &#8211; Firi- Bordas ser\u00e1 el capit\u00e1n.\u00a0<\/span><\/p>\n<p class=\"x_MsoNormal\"><span lang=\"ES-DO\">Elm\u00fadesi expuso que este es un torneo de equipos y que la selecci\u00f3n fue conformada seg\u00fan el ranking establecido por las paradas del Tour Canita, picks de la federaci\u00f3n y por los Campeonatos Nacionales.<\/span><\/p>\n<p class=\"x_MsoNormal\"><span lang=\"ES-DO\">La inauguraci\u00f3n del evento est\u00e1 prevista a las 6 de la tarde, en el sal\u00f3n Flamboyan, donde habr\u00e1 un desfile de los pa\u00edses participantes.<\/span><\/p>\n<p class=\"x_MsoNormal\"><span lang=\"ES-DO\">Se espera que personalidades del deporte se den cita a la apertura.\u00a0<\/span><\/p>\n","protected":false},"excerpt":{"rendered":"<p>La Federaci\u00f3n Dominicana de Golf (Fedogolf), mediante despacho de prensa anunci\u00f3 que los pa\u00edses que tomar\u00e1n\u00a0 parte en la justa son: Bahamas, Barbados, Islas Caim\u00e1n, Jamaica, Puerto Rico, Trinidad y Tobago y el anfitri\u00f3n la Rep\u00fablica Dominicana.\u00a0<\/p>\n","protected":false},"author":16,"featured_media":56868,"comment_status":"closed","ping_status":"closed","sticky":false,"template":"","format":"standard","meta":[],"categories":[2,60],"tags":[],"acf":[],"_links":{"self":[{"href":"https:\/\/colimdo.org\/wp-api\/wp\/v2\/posts\/56867"}],"collection":[{"href":"https:\/\/colimdo.org\/wp-api\/wp\/v2\/posts"}],"about":[{"href":"https:\/\/colimdo.org\/wp-api\/wp\/v2\/types\/post"}],"author":[{"embeddable":true,"href":"https:\/\/colimdo.org\/wp-api\/wp\/v2\/users\/16"}],"replies":[{"embeddable":true,"href":"https:\/\/colimdo.org\/wp-api\/wp\/v2\/comments?post=56867"}],"version-history":[{"count":1,"href":"https:\/\/colimdo.org\/wp-api\/wp\/v2\/posts\/56867\/revisions"}],"predecessor-version":[{"id":56869,"href":"https:\/\/colimdo.org\/wp-api\/wp\/v2\/posts\/56867\/revisions\/56869"}],"wp:featuredmedia":[{"embeddable":true,"href":"https:\/\/colimdo.org\/wp-api\/wp\/v2\/media\/56868"}],"wp:attachment":[{"href":"https:\/\/colimdo.org\/wp-api\/wp\/v2\/media?parent=56867"}],"wp:term":[{"taxonomy":"category","embeddable":true,"href":"https:\/\/colimdo.org\/wp-api\/wp\/v2\/categories?post=56867"},{"taxonomy":"post_tag","embeddable":true,"href":"https:\/\/colimdo.org\/wp-api\/wp\/v2\/tags?post=56867"}],"curies":[{"name":"wp","href":"https:\/\/api.w.org\/{rel}","templated":true}]}}