{"id":56870,"date":"2019-06-30T19:36:00","date_gmt":"2019-06-30T19:36:00","guid":{"rendered":"https:\/\/colimdo.org\/?p=56870"},"modified":"2019-06-30T19:36:20","modified_gmt":"2019-06-30T19:36:20","slug":"eligen-radhames-tavarez-la-union-americana-natacion","status":"publish","type":"post","link":"https:\/\/colimdo.org\/noticias\/eligen-radhames-tavarez-la-union-americana-natacion\/","title":{"rendered":"Eligen a Radham\u00e9s\u00a0Tav\u00e1rez en la Uni\u00f3n Americana de Nataci\u00f3n"},"content":{"rendered":"<p class=\"x_MsoNormal\">SANTO DOMINGO.- La Uni\u00f3n Americana de Nataci\u00f3n (UANA) eligi\u00f3 al presidente de la Federaci\u00f3n Dominicana de Nataci\u00f3n (Fedona), Radham\u00e9s Tav\u00e1rez, en su nuevo Comit\u00e9 Ejecutivo.<\/p>\n<p class=\"x_MsoNormal\">La informaci\u00f3n fue suministrada mediante un despacho de prensa de Fedona, donde indica que Tav\u00e1rez fue electo como miembro del Comit\u00e9 Ejecutivo, gracias a 35 votos de 50 posible, con el apoyo de 18 pa\u00edses del \u00e1rea de Centroamericana y el Caribe.<\/p>\n<p class=\"x_MsoNormal\"><span lang=\"ES-DO\">\u201cEstoy muy feliz con este logro.\u00a0<\/span>Obtuve 35 a favor y 13 en contra y una\u00a0<span lang=\"ES-DO\">abstenci\u00f3n<\/span>. Esto dice que estamos haciendo un buen trabajo no solo en pa\u00eds, tambi\u00e9n en el \u00e1rea\u201d, comunic\u00f3 Tav\u00e1rez.<\/p>\n<p class=\"x_MsoNormal\"><span style=\"font-family: Calibri, sans-serif;\">El\u00a0c\u00f3nclave\u00a0se realiz\u00f3 en Barbaros el viernes, donde tambi\u00e9n fue escogida\u00a0<\/span>\u00a0Maureen Croes como la nueva presidenta de la UANA.<\/p>\n<p class=\"x_MsoNormal\"><span lang=\"ES-DO\">\u201cEsa es la instituci\u00f3n que rige la nataci\u00f3n en el continente Americano y tanto Croes como un servidor fuimos elegido por parte de Centroamerica y el Caribe\u201d, agreg\u00f3.\u00a0<\/span>\u201cEso se elige por zona\u201d, sostuvo.<\/p>\n<p class=\"x_MsoNormal\"><span lang=\"ES-DO\">La\u00a0Swimming Union of the Americas\u00a0o\u00a0Uni\u00f3n de Nataci\u00f3n de las Am\u00e9ricas\u00a0es la asociaci\u00f3n continental de nataci\u00f3n en el\u00a0<\/span><span lang=\"ES-DO\">continente Americano<\/span><span lang=\"ES-DO\">.<\/span><\/p>\n<p class=\"x_MsoNormal\">En espa\u00f1ol y en franc\u00e9s es com\u00fanmente referida como UANA (Uni\u00f3n Americana de Nataci\u00f3n o Uni\u00f3n Am\u00e9ricaine de Natation), y en ingl\u00e9s puede ser mencionada como ASUA (Amateur Swimming Union of the Americas: Uni\u00f3n Americana de Nataci\u00f3n Amateur).<\/p>\n<p class=\"x_MsoNormal\"><span lang=\"ES-DO\">La UANA fue fundada durante los\u00a0<\/span><span lang=\"ES-DO\">Juegos Ol\u00edmpicos de 1948<\/span><span lang=\"ES-DO\">\u00a0en\u00a0<\/span><span lang=\"ES-DO\">Londres<\/span><span lang=\"ES-DO\">.<\/span><\/p>\n","protected":false},"excerpt":{"rendered":"<p>La informaci\u00f3n fue suministrada mediante un despacho de prensa de Fedona, donde indica que Tav\u00e1rez fue electo como miembro del Comit\u00e9 Ejecutivo, gracias a 35 votos de 50 posible, con el apoyo de 18 pa\u00edses del \u00e1rea de Centroamericana y el Caribe.<\/p>\n","protected":false},"author":16,"featured_media":56871,"comment_status":"closed","ping_status":"closed","sticky":false,"template":"","format":"standard","meta":[],"categories":[2,60],"tags":[],"acf":[],"_links":{"self":[{"href":"https:\/\/colimdo.org\/wp-api\/wp\/v2\/posts\/56870"}],"collection":[{"href":"https:\/\/colimdo.org\/wp-api\/wp\/v2\/posts"}],"about":[{"href":"https:\/\/colimdo.org\/wp-api\/wp\/v2\/types\/post"}],"author":[{"embeddable":true,"href":"https:\/\/colimdo.org\/wp-api\/wp\/v2\/users\/16"}],"replies":[{"embeddable":true,"href":"https:\/\/colimdo.org\/wp-api\/wp\/v2\/comments?post=56870"}],"version-history":[{"count":1,"href":"https:\/\/colimdo.org\/wp-api\/wp\/v2\/posts\/56870\/revisions"}],"predecessor-version":[{"id":56872,"href":"https:\/\/colimdo.org\/wp-api\/wp\/v2\/posts\/56870\/revisions\/56872"}],"wp:featuredmedia":[{"embeddable":true,"href":"https:\/\/colimdo.org\/wp-api\/wp\/v2\/media\/56871"}],"wp:attachment":[{"href":"https:\/\/colimdo.org\/wp-api\/wp\/v2\/media?parent=56870"}],"wp:term":[{"taxonomy":"category","embeddable":true,"href":"https:\/\/colimdo.org\/wp-api\/wp\/v2\/categories?post=56870"},{"taxonomy":"post_tag","embeddable":true,"href":"https:\/\/colimdo.org\/wp-api\/wp\/v2\/tags?post=56870"}],"curies":[{"name":"wp","href":"https:\/\/api.w.org\/{rel}","templated":true}]}}