{"id":56880,"date":"2019-06-30T20:56:17","date_gmt":"2019-06-30T20:56:17","guid":{"rendered":"https:\/\/colimdo.org\/?p=56880"},"modified":"2019-06-30T20:56:04","modified_gmt":"2019-06-30T20:56:04","slug":"abogan-la-actividad-deportiva-evitar-los-vicios","status":"publish","type":"post","link":"https:\/\/colimdo.org\/noticias\/abogan-la-actividad-deportiva-evitar-los-vicios\/","title":{"rendered":"Abogan por la actividad deportiva para evitar los vicios"},"content":{"rendered":"<p class=\"x_ydpd855e7d9x_ydp9a1fc9e8MsoNormal\">NAGUA, Mar\u00eda Trinidad S\u00e1nchez.- La sociedad dominicana y especialmente la juventud necesita hoy m\u00e1s que nunca de la actividad deportiva para evitar que los vicios y las drogas arrastren a m\u00e1s personas.<\/p>\n<p class=\"x_ydpd855e7d9x_ydp9a1fc9e8MsoNormal\">El llamado fue hecho por Fidias David Garc\u00eda Cuevas, presidente de la Uni\u00f3n Deportiva de la provincia Mar\u00eda Trinidad S\u00e1nchez, poco antes de se llevara cabo aqu\u00ed una multitudinaria caminata para conmemorar el \u201cD\u00eda Ol\u00edmpico\u201d en conmemoraci\u00f3n del 125 aniversario de la fundaci\u00f3n del Comit\u00e9 Ol\u00edmpico Internacional (COI).<\/p>\n<p class=\"x_ydpd855e7d9x_ydp9a1fc9e8MsoNormal\">Garc\u00eda Cuevas hizo un llamado a las autoriades y todas la fuerzas sociales del pa\u00eds y a las empresas privadas para que respalden las actividades deportivas como una forma de evitar que los males sociales \u201cse roben a nuestros ni\u00f1os y j\u00f3venes\u201d.<\/p>\n<p class=\"x_ydpd855e7d9x_ydp9a1fc9e8MsoNormal\">Celebra que una gran multitud de ni\u00f1os y adolescentes hayan participado de las actividdes que conmitovo del D\u00eda Ol\u00edmpico se llevaron a cabo en esta ciudad de Nagua el pasado fin de semana.<\/p>\n<p class=\"x_ydpd855e7d9x_ydp9a1fc9e8MsoNormal\">En la actividad tambi\u00e9n particip\u00f3 el senador Ar\u00edstides Victoria Yeb, quien defini\u00f3 el deporte como \u201cun eslab\u00f3n para que la juventud se mantenga en salud\u201d.<\/p>\n<p class=\"x_ydpd855e7d9x_ydp9a1fc9e8MsoNormal\">\u201cQue gran honor recibir aqu\u00ed al Comit\u00e9 Ol\u00edmpico (Dominicano) y todos sus dirigentes, para Nagua en honor compartir con ustedes este gran d\u00eda\u201d, manifest\u00f3 emocionado el congresista.<\/p>\n<p class=\"x_ydpd855e7d9x_ydp9a1fc9e8MsoNormal\">Precis\u00f3 que la practica deportiva \u201ces de suma importancia para la sociedad\u201d, puntualizando que \u201cel deporte es salud y la salud es vida\u201d.<\/p>\n<p class=\"x_ydpd855e7d9x_ydp9a1fc9e8MsoNormal\">Durante la ceremonia previa a la Caminata Ol\u00edmpica fueron reconocidos cinco deportistas distinguidos de la provincia Mar\u00eda Trinidad S\u00e1nchez (Nicol\u00e1s \u2013Kiko- L\u00f3pez, Ricardo Gil, Ezequiel N\u00fa\u00f1ez Fr\u00edas, Genaro Tineo y Osvaldo P\u00e9rez) y tambi\u00e9n se guard\u00f3 un minuto de silencio a la memoria del se\u00f1or Samuel Brito, un profesor que por d\u00e9cadas form\u00f3 a j\u00f3venes de aqu\u00ed.<\/p>\n<p class=\"x_ydpd855e7d9x_ydp9a1fc9e8MsoNormal\">De su lado, Lui Mej\u00eda Oviedo, presidente del Comit\u00e9 Ol\u00edmpico Dominicano, hizo un llamado a los deportistas de Nagua a seguir trabajando para mantener activos a los ni\u00f1os y J\u00f3venes en la actividad deportiva y con ello producir los talentos que representan el pa\u00eds en eventos internacionales.<\/p>\n<p class=\"x_ydpd855e7d9x_ydp9a1fc9e8MsoNormal\">\u201cEstamos muy agradecidos por el apoyo que nos han dado en estos d\u00edas y de su entrega y dedicaci\u00f3n para festejar los 125 a\u00f1os del COI\u201d, manifest\u00f3 Mej\u00eda Oviedo, quien tambi\u00e9n es miembros de ese organismo.<\/p>\n<p class=\"x_ydpd855e7d9x_ydp9a1fc9e8MsoNormal\">Las festividades del D\u00eda Ol\u00edmpico fueron organizadas por el Programa<\/p>\n<p class=\"x_ydpd855e7d9x_ydp9a1fc9e8MsoNormal\">Solidaridad Ol\u00edmpica del COD conjuntamente con la Uni\u00f3n Deportiva de la provincia Mar\u00eda Trinidad S\u00e1nchez.<\/p>\n<p class=\"x_ydpd855e7d9x_ydp9a1fc9e8MsoNormal\">Adem\u00e1s de Mej\u00eda Oviedo, tambi\u00e9n participaron de los festejos del D\u00eda Ol\u00edmpico en Nagua, Antonio Acosta, Ljuis Chanlatte, Gilberto Garc\u00eda, Nelson Ram\u00edrez, Jos\u00e9 Luis Ram\u00edrez, Rafael Villalona, Dulce Mar\u00eda Pi\u00f1a, Garibaldy Bautista, Marciel Leguizam\u00f3n y Lucy Caraballo, entre otros.<\/p>\n<p class=\"x_ydpd855e7d9x_ydp9a1fc9e8MsoNormal\">\n","protected":false},"excerpt":{"rendered":"<p>El llamado fue hecho por Fidias David Garc\u00eda Cuevas, presidente de la Uni\u00f3n Deportiva de la provincia Mar\u00eda Trinidad S\u00e1nchez, poco antes de se llevara cabo aqu\u00ed una multitudinaria caminata para conmemorar el \u201cD\u00eda Ol\u00edmpico\u201d en conmemoraci\u00f3n del 125 aniversario de la fundaci\u00f3n del Comit\u00e9 Ol\u00edmpico Internacional (COI).<\/p>\n","protected":false},"author":16,"featured_media":56875,"comment_status":"closed","ping_status":"closed","sticky":false,"template":"","format":"standard","meta":[],"categories":[2,60],"tags":[],"acf":[],"_links":{"self":[{"href":"https:\/\/colimdo.org\/wp-api\/wp\/v2\/posts\/56880"}],"collection":[{"href":"https:\/\/colimdo.org\/wp-api\/wp\/v2\/posts"}],"about":[{"href":"https:\/\/colimdo.org\/wp-api\/wp\/v2\/types\/post"}],"author":[{"embeddable":true,"href":"https:\/\/colimdo.org\/wp-api\/wp\/v2\/users\/16"}],"replies":[{"embeddable":true,"href":"https:\/\/colimdo.org\/wp-api\/wp\/v2\/comments?post=56880"}],"version-history":[{"count":1,"href":"https:\/\/colimdo.org\/wp-api\/wp\/v2\/posts\/56880\/revisions"}],"predecessor-version":[{"id":56881,"href":"https:\/\/colimdo.org\/wp-api\/wp\/v2\/posts\/56880\/revisions\/56881"}],"wp:featuredmedia":[{"embeddable":true,"href":"https:\/\/colimdo.org\/wp-api\/wp\/v2\/media\/56875"}],"wp:attachment":[{"href":"https:\/\/colimdo.org\/wp-api\/wp\/v2\/media?parent=56880"}],"wp:term":[{"taxonomy":"category","embeddable":true,"href":"https:\/\/colimdo.org\/wp-api\/wp\/v2\/categories?post=56880"},{"taxonomy":"post_tag","embeddable":true,"href":"https:\/\/colimdo.org\/wp-api\/wp\/v2\/tags?post=56880"}],"curies":[{"name":"wp","href":"https:\/\/api.w.org\/{rel}","templated":true}]}}