{"id":56921,"date":"2019-07-01T14:56:31","date_gmt":"2019-07-01T14:56:31","guid":{"rendered":"https:\/\/colimdo.org\/?p=56921"},"modified":"2019-07-01T14:57:28","modified_gmt":"2019-07-01T14:57:28","slug":"total-42-equipos-la-liga-la-javilla","status":"publish","type":"post","link":"https:\/\/colimdo.org\/noticias\/total-42-equipos-la-liga-la-javilla\/","title":{"rendered":"Total de 42 equipos en Torneo de Verano de la Liga la Javilla"},"content":{"rendered":"<p>SANTO DOMINGO.-\u00a0La Academia La Javilla inaugur\u00f3 el s\u00e1bado su Torneo de B\u00e9isbol de Verano con la participaci\u00f3n de 42 equipos en 11 categor\u00edas y una dedicatoria especial al Medio Ambiente.<\/p>\n<p>La Academia rindi\u00f3 tambi\u00e9n un homenaje al licenciado Miguel Franjul Bucarelly, director del peri\u00f3dico List\u00edn Diario; y al licenciado Vitelio Mej\u00eda, presidente de la Liga Dominicana de B\u00e9isbol Profesional.<\/p>\n<p>La actividad inici\u00f3 con el desfile de los equipos al comp\u00e1s de una marcha interpretada por la Banda de M\u00fasica de la Armada Dominicana, dirigida por Luis V\u00e1squez.<\/p>\n<p>Las banderas Nacional y de la Academia La Javilla fueron izadas por Yerik P\u00e9rez, director de la oficina de Major League Baseball en Rep\u00fablica Dominicana, y Leo Corpor\u00e1n, editor deportivo de El Nacional, respectivamente.<\/p>\n<p>La bendici\u00f3n del acto estuvo a cargo del H\u00e9ctor Cruz Berroa, di\u00e1cono permanente de la Di\u00f3cesis de Santo Domingo; mientras que las palabras de bienvenida fueron pronunciadas por Rafael Castillo, director de Gesti\u00f3n Humana de la Academia.<\/p>\n<p>Castillo destac\u00f3 la necesidad de cuidar el medio ambiente, exhortando a los presentes a asumirlo como una prioridad.<\/p>\n<p>John Carmona, presidente de la Academia La Javilla, tuvo las palabras centrales del acto, destacando la presencia de los licenciados Miguel Franjul Bucarelly y Vitelio Mej\u00eda, a quienes se les rindi\u00f3 un homenaje.<\/p>\n<p>\u201cHe crecido admirando el trabajo del se\u00f1or Franjul, como periodista y del licenciado Vitelio Mej\u00eda, presidente de la Lidom, por eso hoy le estamos reconociendo\u201d, dijo Carmona. Luego de recibir una placa de reconocimiento, Franjul record\u00f3 sus a\u00f1os de juventud, cuando form\u00f3 parte de la Liga la Javilla, jugando para el equipo de los Piraticas de Vivo Carmona.<\/p>\n<p>\u201cYo ten\u00eda unos 12 a\u00f1os cuando comenc\u00e9 a jugar en esta liga, junto a ese gran maestro, Vivo Carmona\u201d, expres\u00f3 Franjul, quien estuvo acompa\u00f1ado de su esposa Wendy Santana y su hija Marcelle Franjul.<\/p>\n<p>Dijo adem\u00e1s sentirse orgulloso de haber pertenecido a esa entidad, al ver el crecimiento que ha experimentado y el trabajo que realiza. Vitelio Mej\u00eda, al agradecer el reconocimiento, destac\u00f3 la labor que realiza la Academia La Javilla, y de manera especial la integraci\u00f3n de los padres de los ni\u00f1os que militan en ella.<\/p>\n","protected":false},"excerpt":{"rendered":"<p>El lanzamiento de la primera bola estuvo a cargo de Franjul, quien tuvo como receptor a Yerik P\u00e9rez y como bateador actu\u00f3 Vitelio Mej\u00eda. Leo Corpor\u00e1n fue el \u00e1rbitro. Tras concluir el acto protocolar de inmediato iniciaron los partidos.<\/p>\n","protected":false},"author":19,"featured_media":56922,"comment_status":"closed","ping_status":"closed","sticky":false,"template":"","format":"standard","meta":[],"categories":[2,60],"tags":[],"acf":[],"_links":{"self":[{"href":"https:\/\/colimdo.org\/wp-api\/wp\/v2\/posts\/56921"}],"collection":[{"href":"https:\/\/colimdo.org\/wp-api\/wp\/v2\/posts"}],"about":[{"href":"https:\/\/colimdo.org\/wp-api\/wp\/v2\/types\/post"}],"author":[{"embeddable":true,"href":"https:\/\/colimdo.org\/wp-api\/wp\/v2\/users\/19"}],"replies":[{"embeddable":true,"href":"https:\/\/colimdo.org\/wp-api\/wp\/v2\/comments?post=56921"}],"version-history":[{"count":3,"href":"https:\/\/colimdo.org\/wp-api\/wp\/v2\/posts\/56921\/revisions"}],"predecessor-version":[{"id":56925,"href":"https:\/\/colimdo.org\/wp-api\/wp\/v2\/posts\/56921\/revisions\/56925"}],"wp:featuredmedia":[{"embeddable":true,"href":"https:\/\/colimdo.org\/wp-api\/wp\/v2\/media\/56922"}],"wp:attachment":[{"href":"https:\/\/colimdo.org\/wp-api\/wp\/v2\/media?parent=56921"}],"wp:term":[{"taxonomy":"category","embeddable":true,"href":"https:\/\/colimdo.org\/wp-api\/wp\/v2\/categories?post=56921"},{"taxonomy":"post_tag","embeddable":true,"href":"https:\/\/colimdo.org\/wp-api\/wp\/v2\/tags?post=56921"}],"curies":[{"name":"wp","href":"https:\/\/api.w.org\/{rel}","templated":true}]}}