{"id":56929,"date":"2019-07-01T15:27:19","date_gmt":"2019-07-01T15:27:19","guid":{"rendered":"https:\/\/colimdo.org\/?p=56929"},"modified":"2019-07-01T15:27:19","modified_gmt":"2019-07-01T15:27:19","slug":"manana-salen-la-venta-los-tickets-los-juegos-parapanemericanos-lima-2019","status":"publish","type":"post","link":"https:\/\/colimdo.org\/noticias\/manana-salen-la-venta-los-tickets-los-juegos-parapanemericanos-lima-2019\/","title":{"rendered":"Ma\u00f1ana salen a la venta los tickets para los Juegos Parapanemericanos Lima 2019"},"content":{"rendered":"<p>LIMA2019.-\u00a0Inmediatamente despu\u00e9s de la celebraci\u00f3n de los Juegos Panamericanos, el Per\u00fa se preparar\u00e1 para vivir una nueva experiencia multideportiva con la realizaci\u00f3n de los Juegos Parapanamericanos, que en su sexta edici\u00f3n se desarrollar\u00e1 en Lima 2019 y se iniciar\u00e1n el 23 de agosto.<\/p>\n<p>Para asistir a las competencias que contar\u00e1n con los mejores Para deportistas de 33 pa\u00edses del continente, desde ma\u00f1ana lunes 1 de julio, se pondr\u00e1n a la venta los tickets para los Juegos Parapanamericanos, desde las 9:00 horas, en todos los puntos de venta LIMA 2019 autorizados y a trav\u00e9s de la web: wwww.lima2019.pe<\/p>\n<p>Las entradas para los Juegos Parapanamericanos van desde 10 soles, y habr\u00e1 descuentos del 50% para menores de 18 a\u00f1os, adultos mayores y personas con discapacidad.<\/p>\n<p>Precisamente, en estos Juegos, recibiremos a 1,890 Para atletas provenientes de 33 pa\u00edses, que participar\u00e1n en 17 Para deportes y 18 disciplinas. Las competencias se realizar\u00e1n en 14 sedes, entre el 23 de agosto y el 1 de setiembre de 2019.<\/p>\n<p>En los recintos de la VIDENA y Villa Maria del Triunfo, se contar\u00e1 con grupo de entradas denominadas &#8220;Day Pass \/ Pase por d\u00eda &#8220;, donde pagando un monto podr\u00e1n ver todos los Para deportes que se desarrollen en dicho recinto el mismo d\u00eda.<\/p>\n<p>Cabe recordar que el primero en comprar su ticket fue el Alcalde de Lima, Jorge Mu\u00f1oz, quien adquiri\u00f3 su entrada para la jornada del Para ciclismo de pista, a celebrarse el 30 de agosto, en el Vel\u00f3dromo de la VIDENA. Luego, tambi\u00e9n adquiri\u00f3 sus tickets el Presidente del COPAL, Carlos Neuhaus; acompa\u00f1ado de Lucha Villar, titular de la Asociaci\u00f3n Nacional Paral\u00edmpica del Per\u00fa.<\/p>\n","protected":false},"excerpt":{"rendered":"<p>Las entradas se pondr\u00e1n a la venta a trav\u00e9s de la p\u00e1gina web www.lima2019.pe y en los m\u00f3dulos autorizados, con precios que van desde los 10 soles.<\/p>\n","protected":false},"author":19,"featured_media":56930,"comment_status":"closed","ping_status":"closed","sticky":false,"template":"","format":"standard","meta":[],"categories":[2,60],"tags":[],"acf":[],"_links":{"self":[{"href":"https:\/\/colimdo.org\/wp-api\/wp\/v2\/posts\/56929"}],"collection":[{"href":"https:\/\/colimdo.org\/wp-api\/wp\/v2\/posts"}],"about":[{"href":"https:\/\/colimdo.org\/wp-api\/wp\/v2\/types\/post"}],"author":[{"embeddable":true,"href":"https:\/\/colimdo.org\/wp-api\/wp\/v2\/users\/19"}],"replies":[{"embeddable":true,"href":"https:\/\/colimdo.org\/wp-api\/wp\/v2\/comments?post=56929"}],"version-history":[{"count":1,"href":"https:\/\/colimdo.org\/wp-api\/wp\/v2\/posts\/56929\/revisions"}],"predecessor-version":[{"id":56931,"href":"https:\/\/colimdo.org\/wp-api\/wp\/v2\/posts\/56929\/revisions\/56931"}],"wp:featuredmedia":[{"embeddable":true,"href":"https:\/\/colimdo.org\/wp-api\/wp\/v2\/media\/56930"}],"wp:attachment":[{"href":"https:\/\/colimdo.org\/wp-api\/wp\/v2\/media?parent=56929"}],"wp:term":[{"taxonomy":"category","embeddable":true,"href":"https:\/\/colimdo.org\/wp-api\/wp\/v2\/categories?post=56929"},{"taxonomy":"post_tag","embeddable":true,"href":"https:\/\/colimdo.org\/wp-api\/wp\/v2\/tags?post=56929"}],"curies":[{"name":"wp","href":"https:\/\/api.w.org\/{rel}","templated":true}]}}